{"id":1005,"date":"2005-06-30T19:30:00","date_gmt":"2005-06-30T19:30:00","guid":{"rendered":"https:\/\/ecletismomusical.pt\/agenda-especial-verao-2005\/"},"modified":"2005-06-30T19:30:00","modified_gmt":"2005-06-30T19:30:00","slug":"agenda-especial-verao-2005","status":"publish","type":"post","link":"https:\/\/www.ecletismomusical.pt\/en\/agenda-especial-verao-2005\/","title":{"rendered":"Agenda &#8211; Especial Ver\u00e3o 2005"},"content":{"rendered":"<p><img height=\"281\" src=\"http:\/\/www.fotografia-na.net\/data\/media\/5\/sunset.jpg\" width=\"460\" \/> <span style=\"font-size:78%\">Foto <a href=\"http:\/\/www.fotografia-na.net\/\">Fotografia Na Net<\/a><\/span><\/p>\n<div>Atendendo ao n\u00famero de concertos que ir\u00e3o ocorrer nos pr\u00f3ximos 3 meses em Portugal, seria de todo impratic\u00e1vel reunir informa\u00e7\u00f5es sobre todos os espect\u00e1culos programados. Assim, opta-se por deixar apenas algumas das principais datas e nomes a marcar presen\u00e7a no Ver\u00e3o portugu\u00eas de 2005.<\/div>\n<div><\/div>\n<p><\/p>\n<div><span style=\"color:#990000\">1 e 2 de Julho<\/span><br \/><strong><a href=\"http:\/\/www.criativa.org\/\">Festival MUSA<\/a><\/strong> em <span style=\"color:#000099\">Carcavelos<br \/><\/span><br \/><span style=\"color:#990000\">2 de Julho<\/span><br \/><strong>Queen + Paul Rodgers<\/strong> no <span style=\"color:#000099\">Est\u00e1dio do Restelo<\/span> <\/div>\n<div><strong>A Naifa<\/strong> no <a href=\"http:\/\/www.egeac.pt\/festasdelisboa\/2005\/festas2005\/festas2005.html\"><span style=\"color:#000099\">Castelo de S. Jorge em Lisboa<\/span> <\/a><\/p>\n<p><span style=\"color:#990000\">8 de Julho<\/span><br \/><strong>Mafalda Arnauth + Corvos<\/strong> no <span style=\"color:#000099\"><a href=\"http:\/\/www.egeac.pt\/festasdelisboa\/2005\/festas2005\/festas2005.html\">Castelo de S. Jorge em Lisboa<\/a><\/span><\/p>\n<p><span style=\"color:#990000\">9 de Julho<br \/><\/span><strong>Festival <\/strong><a href=\"http:\/\/www.musicanocoracao.pt\/festivais\/fest_hype.html\"><strong>Hype@Tejo<\/strong><\/a><strong> em Alg\u00e9s\/Doca Pesca<\/strong><br \/>(<span style=\"color:#006600\">Chemical Brothers, Spektrum, DJ Dolores, The Gift, Blasted Mechanism\u2026<\/span>) <\/div>\n<div><strong>Carlos do Carmo + Bernardo Sassetti, Carlos Bica e Alexandre Fraz\u00e3o com Orquestra Sinfonietta de Lisboa<\/strong> no <span style=\"color:#000099\">Anfiteatro Keil do Amaral, Lisboa<\/p>\n<p><\/span><span style=\"color:#990000\">13 de Julho<\/span><br \/><strong>Thievery Corporation<\/strong> &#8211; <span style=\"color:#000099\">Cool Jazz Fest em Oeiras<\/span><\/p>\n<p><span style=\"color:#990000\">15 de Julho<\/span><br \/><strong>Xutos &#038; Pontap\u00e9s<\/strong> no <a href=\"http:\/\/www.egeac.pt\/festasdelisboa\/2005\/festas2005\/festas2005.html\"><span style=\"color:#000099\">Anfiteatro Keil do Amaral, Lisboa<\/span> <\/a><\/p>\n<p><span style=\"color:#990000\">18,19 e 20 de Julho<\/span> <\/div>\n<div><strong>Maria Beth\u00e2nia<\/strong> no <span style=\"color:#000099\">Coliseu dos Recreios<br \/><\/span><br \/><span style=\"color:#990000\">21 a 24 de Julho<\/span><br \/><strong>\u00c1frica Festival<\/strong> no <span style=\"color:#000099\"><a href=\"http:\/\/www.egeac.pt\/festasdelisboa\/2005\/festas2005\/festas2005.html\">Anfiteatro Keil do Amaral, Lisboa<\/a><\/span><br \/>(<span style=\"color:#006600\">Ali Farka Tour\u00e9, Mabulu, Manecas Costa, Waldemar Bastos, Lura, Tito Paris\u2026<\/span>)<\/p>\n<p><span style=\"color:#990000\">25 de Julho<\/span><br \/><strong>Feist<\/strong> no <span style=\"color:#000099\">F\u00f3rum Lisboa<br \/><\/span><br \/><span style=\"color:#990000\">27 de Julho<\/span><br \/><strong>Jaime Cullum<\/strong> &#8211; <span style=\"color:#000099\">Cool Jazz Fest em Cascais<br \/><\/span><br \/><span style=\"color:#990000\">28, 29 e 30 de Julho<\/span><br \/><a href=\"http:\/\/www.fmm.com.pt\/\"><strong>Festival de M\u00fasicas do Mundo de Sines<\/strong> <\/a><br \/>(<span style=\"color:#006600\">Amadou &amp; Mariam, Cristina Branco + Brigada Victor Jara + Segue-me \u00e0 Capela, Ba Cissoko, Astrid Hadad, Lula Pena, K\u00edla, Ktu, Samurai 4\u2026<\/span>)<\/p>\n<p><span style=\"color:#990000\">30 de Julho<br \/><\/span><strong>Marianne Faithfull<\/strong> &#8211; <span style=\"color:#000099\">Cool Jazz Fest em Cascais<\/span><\/p>\n<p><span style=\"color:#990000\">28 a 31 de Julho<br \/><\/span><a href=\"http:\/\/www.vilardemouros.com\/\"><strong>Festival Vilar de Mouros<\/strong><br \/><\/a>(<span style=\"color:#006600\">Nightwish, Within Temptation, Peter Murphy, Blues Explosion, Echo &#038; The Bunnymen, Joe Cocker, Faithless, Joss Stone, Robert Plant\u2026<\/span>)<\/p>\n<p><span style=\"color:#990000\">4 a 7 de Agosto<\/span><br \/><a href=\"http:\/\/www.musicanocoracao.pt\/festivais\/fest_sudoeste.html\"><strong>Festival Sudoeste<\/strong> <\/a><br \/>(<span style=\"color:#006600\">Emir Kusturica &amp; The Non Smoking, Gato Fedorento, Oasis, Kasabian, Da Weasel, Skank, LCD Soundsystem, Maximo Park, Devendra Banhart, Fat Boy Slim, Ben Harper &#038; The Innocent Criminals, The Thrills, Peaches, Josh Rouse, Basement Jaxx, The Kills\u2026<\/span>)<\/p>\n<p><span style=\"color:#990000\">14 de Agosto<br \/><\/span><strong>U2, Keane, Kaiser Chiefs<\/strong> em<span style=\"color:#000099\"> Lisboa\/Alvalade XXI<\/span><\/p>\n<p><span style=\"color:#990000\">16 a 18 de Agosto<\/span><br \/><a href=\"http:\/\/www.paredesdecoura.com\/\"><strong>Festival Paredes de Coura<\/strong><br \/><\/a>(<span style=\"color:#006600\">Foo Fighters, Kaiser Chiefs, The Bravery, !!!, Pixies, Queens Of The Stone Age, The Arcade Fire, The Roots, Nick Cave &amp; The Bad Seeds, Vincent Gallo, Killing Joke, Juliette and The Licks, Blind Zero\u2026<\/span>)<\/p>\n<p><span style=\"color:#990000\">31 de Agosto<\/span><br \/><strong>Beach Boys<\/strong> no <span style=\"color:#000099\">Coliseu dos Recreios<\/span><\/div>\n<div><\/div>\n<div><\/div>","protected":false},"excerpt":{"rendered":"<p>Foto Fotografia Na Net Atendendo ao n\u00famero de concertos que ir\u00e3o ocorrer nos pr\u00f3ximos 3 meses em Portugal, seria de todo impratic\u00e1vel reunir informa\u00e7\u00f5es sobre todos os espect\u00e1culos programados. Assim, opta-se por deixar apenas algumas das principais datas e nomes a marcar presen\u00e7a no Ver\u00e3o portugu\u00eas de 2005. 1 e 2 de JulhoFestival MUSA em<\/p>","protected":false},"author":1,"featured_media":0,"comment_status":"open","ping_status":"open","sticky":false,"template":"","format":"standard","meta":[],"categories":[1],"tags":[],"_links":{"self":[{"href":"https:\/\/www.ecletismomusical.pt\/en\/wp-json\/wp\/v2\/posts\/1005"}],"collection":[{"href":"https:\/\/www.ecletismomusical.pt\/en\/wp-json\/wp\/v2\/posts"}],"about":[{"href":"https:\/\/www.ecletismomusical.pt\/en\/wp-json\/wp\/v2\/types\/post"}],"author":[{"embeddable":true,"href":"https:\/\/www.ecletismomusical.pt\/en\/wp-json\/wp\/v2\/users\/1"}],"replies":[{"embeddable":true,"href":"https:\/\/www.ecletismomusical.pt\/en\/wp-json\/wp\/v2\/comments?post=1005"}],"version-history":[{"count":0,"href":"https:\/\/www.ecletismomusical.pt\/en\/wp-json\/wp\/v2\/posts\/1005\/revisions"}],"wp:attachment":[{"href":"https:\/\/www.ecletismomusical.pt\/en\/wp-json\/wp\/v2\/media?parent=1005"}],"wp:term":[{"taxonomy":"category","embeddable":true,"href":"https:\/\/www.ecletismomusical.pt\/en\/wp-json\/wp\/v2\/categories?post=1005"},{"taxonomy":"post_tag","embeddable":true,"href":"https:\/\/www.ecletismomusical.pt\/en\/wp-json\/wp\/v2\/tags?post=1005"}],"curies":[{"name":"wp","href":"https:\/\/api.w.org\/{rel}","templated":true}]}}