{"id":1006,"date":"2005-06-29T18:01:00","date_gmt":"2005-06-29T18:01:00","guid":{"rendered":"https:\/\/ecletismomusical.pt\/sines-2005-07-28\/"},"modified":"2005-06-29T18:01:00","modified_gmt":"2005-06-29T18:01:00","slug":"sines-2005-07-28","status":"publish","type":"post","link":"https:\/\/www.ecletismomusical.pt\/en\/sines-2005-07-28\/","title":{"rendered":"Sines 2005\/07\/28"},"content":{"rendered":"<div><img height=\"240\" src=\"http:\/\/www.fmm.com.pt\/2005\/imagens_grupos\/top_cbranco.jpg\" width=\"479\" \/><\/p>\n<p><em>\u00abEM 1975, numa jornada de trabalho para abrir uma estrada na Lous\u00e3, aparece uma viola e meia d\u00fazia de vozes come\u00e7am a cantar. Em 1990, uma estudante de jornalismo recebe um CD de Am\u00e1lia de presente e apaixona-se pelo fado. Em 1999, o dono de um bar em Aveiro faz um convite a uma antiga cantora do Grupo de Etnografia e Folclore da Academia de Coimbra e ela junta for\u00e7as a cinco amigas para responder ao desafio.<\/p>\n<p>Em 2005, estes tr\u00eas acasos s\u00e3o tr\u00eas casos da m\u00fasica portuguesa: <a href=\"http:\/\/www.brigadavictorjara.net\/\">Brigada Victor Jara<\/a>, grupo hist\u00f3rico na revitaliza\u00e7\u00e3o da m\u00fasica de raiz tradicional, <a href=\"http:\/\/www.cristinabranco.com\/\">Cristina Branco<\/a>, a voz mais aventureira do fado contempor\u00e2neo, e <a href=\"http:\/\/www.cpihts.com\/acapela.htm\">Segue-me \u00e0 Capela<\/a>, um dos nossos melhores agrupamentos de canto a capella.<\/p>\n<p>Depois de uma pequena experi\u00eancia entre Cristina e a Brigada, em 2004, em Lisboa, Sines assiste \u00e0 estreia na plena maturidade de um projecto que junta o fado, o folclore e a polifonia portugueses e os lan\u00e7a ao encontro dos ritmos africanos, das melodias sul-americanas e da fonte de vida que \u00e9 o jazz.<\/p>\n<p>Com produ\u00e7\u00e3o musical de Cust\u00f3dio Castelo, guitarrista e compositor de Cristina Branco, e do pianista da Brigada, Ricardo Dias, este projecto \u00e9 Portugal no seu melhor. Portugal unido e em direc\u00e7\u00e3o ao mundo.\u00bb<\/em><\/div>\n<p><\/p>\n<div><em><\/em><\/div>\n<div><a href=\"http:\/\/www.fmm.com.pt\/2005\/cbranco.htm\">Mais Informa\u00e7\u00f5es<\/a><\/div>\n<div><a href=\"http:\/\/www.fmm.com.pt\/2005\/index.htm\">Programa completo<\/a> do <strong>Festival M\u00fasicas do Mundo de Sines<\/strong><\/div>\n<div><a href=\"http:\/\/www.fmm.com.pt\/espectador\/index.htm\">Locais e Bilhetes<\/a><\/div>\n<div><\/div>\n<div>De <a href=\"http:\/\/www.cristinabranco.com\/\">Cristina Branco<\/a> j\u00e1 se falou no <strong>EM<\/strong>, por exemplo: <a href=\"http:\/\/eclectismomusical.blogspot.com\/2005\/01\/fado-vida.html\">aqui<\/a> and <a href=\"http:\/\/eclectismomusical.blogspot.com\/2005\/01\/esperando-ansiosamente.html\">aqui<\/a>.<\/div>","protected":false},"excerpt":{"rendered":"<p>\u00abEM 1975, numa jornada de trabalho para abrir uma estrada na Lous\u00e3, aparece uma viola e meia d\u00fazia de vozes come\u00e7am a cantar. Em 1990, uma estudante de jornalismo recebe um CD de Am\u00e1lia de presente e apaixona-se pelo fado. Em 1999, o dono de um bar em Aveiro faz um convite a uma antiga<\/p>","protected":false},"author":1,"featured_media":0,"comment_status":"open","ping_status":"open","sticky":false,"template":"","format":"standard","meta":[],"categories":[1],"tags":[],"_links":{"self":[{"href":"https:\/\/www.ecletismomusical.pt\/en\/wp-json\/wp\/v2\/posts\/1006"}],"collection":[{"href":"https:\/\/www.ecletismomusical.pt\/en\/wp-json\/wp\/v2\/posts"}],"about":[{"href":"https:\/\/www.ecletismomusical.pt\/en\/wp-json\/wp\/v2\/types\/post"}],"author":[{"embeddable":true,"href":"https:\/\/www.ecletismomusical.pt\/en\/wp-json\/wp\/v2\/users\/1"}],"replies":[{"embeddable":true,"href":"https:\/\/www.ecletismomusical.pt\/en\/wp-json\/wp\/v2\/comments?post=1006"}],"version-history":[{"count":0,"href":"https:\/\/www.ecletismomusical.pt\/en\/wp-json\/wp\/v2\/posts\/1006\/revisions"}],"wp:attachment":[{"href":"https:\/\/www.ecletismomusical.pt\/en\/wp-json\/wp\/v2\/media?parent=1006"}],"wp:term":[{"taxonomy":"category","embeddable":true,"href":"https:\/\/www.ecletismomusical.pt\/en\/wp-json\/wp\/v2\/categories?post=1006"},{"taxonomy":"post_tag","embeddable":true,"href":"https:\/\/www.ecletismomusical.pt\/en\/wp-json\/wp\/v2\/tags?post=1006"}],"curies":[{"name":"wp","href":"https:\/\/api.w.org\/{rel}","templated":true}]}}