{"id":1007,"date":"2005-06-27T15:10:00","date_gmt":"2005-06-27T15:10:00","guid":{"rendered":"https:\/\/ecletismomusical.pt\/live-8\/"},"modified":"2005-06-27T15:10:00","modified_gmt":"2005-06-27T15:10:00","slug":"live-8","status":"publish","type":"post","link":"https:\/\/www.ecletismomusical.pt\/en\/live-8\/","title":{"rendered":"Live 8"},"content":{"rendered":"<p><a href=\"http:\/\/www.radiocomercial.iol.pt\/upload\/Outros\/150(64).jpg\"><img height=\"186\" alt=\"\" src=\"http:\/\/www.radiocomercial.iol.pt\/upload\/Outros\/150(64).jpg\" \/><\/a><\/p>\n<p><\/p>\n<div>Considerado, por uns, um acontecimento oportunista e discriminat\u00f3rio e, por outros, como a nova batalha pela melhoria das condi\u00e7\u00f5es de vida do Continente Africano, a verdade \u00e9 que o <strong><a href=\"http:\/\/www.live8live.com\/\">Live 8<\/a><\/strong> ser\u00e1 o maior acontecimento musical de todos os tempos, contando com a participa\u00e7\u00e3o dos principais nomes da m\u00fasica mundial.<\/p>\n<p>Embora com objectivos diferentes, o <strong>Live 8<\/strong> \u00e9 o herdeiro do <strong>Live Aid 85<\/strong>, que se realizou em <strong>Londres e Filad\u00e9lfia<\/strong>. Outrora <strong>Bob Geldof e Midge Ure<\/strong>, respons\u00e1veis pelo projecto, pretenderam angariar fundos para o combate \u00e0 fome em <strong>\u00c1frica<\/strong>, desta vez, pretendem pressionar os l\u00edderes do <strong>G8<\/strong> (Grupo dos pa\u00edses mais ricos do mundo) para que estes se empenhem verdadeiramente na resolu\u00e7\u00e3o dos problemas do <strong>Continente Africano<\/strong>, particularmente na<strong> erradica\u00e7\u00e3o da pobreza extrema em que vivem milh\u00f5es de Africanos<\/strong>.<\/p>\n<p>Desta vez, e em simult\u00e2neo, ocorrer\u00e3o no pr\u00f3ximo <strong>dia 2 de Julho<\/strong> gigantescos concertos em <strong>Londres, Roma, Paris, Berlim, Barrie (Canad\u00e1), T\u00f3quio, Joanesburgo (\u00c1frica do Sul) e Filad\u00e9lfia<\/strong>. <\/div>\n<div>Em cada uma das cidades haver\u00e1 um cartaz fort\u00edssimo que pode, juntamente com muitas outras informa\u00e7\u00f5es, <strong>ser consultado <\/strong><a href=\"http:\/\/www.live8live.com\/theconcerts\/index.shtml\"><strong>aqui<\/strong><\/a><strong>.<br \/><\/strong><br \/><strong>Do cartaz, fazem parte nomes como (entre muitos outros):<\/strong><\/p>\n<p><span style=\"font-size:85%\">Annie Lennox; Coldplay; Joss Stone; Madonna; Pink Floyd (juntos especialmente para a ocasi\u00e3o); U2; Sting; REM em Londres.<\/p>\n<p>Andrea Bocelli; Calogero; The Cure; Muse; Placebo; Youssou N&#8217;Dour em Paris. <\/span><\/div>\n<p><span style=\"font-size:85%\"><\/p>\n<div>Audioslave; Brian Wilson; Green Day; Roxy Music em Berlim.<\/p>\n<p>Biagio Antonacci; Faith Hill; Jovanotti; Laura Pausini; Tiromancino; Zucchero em Roma.<\/p>\n<p>Will Smith; Dave Matthews Band; Jay-Z; Kaiser Chiefs; Linkin Park; Maroon 5; Stevie Wonder em Filad\u00e9lfia.<\/p>\n<p>Deep Purple; Motley Crue; Our Lady Peace; The Tragically Hip em Barrie(Canad\u00e1).<\/p>\n<p>Bjork; Dreams Come True; Good Charlotte; Rize em T\u00f3quio.<\/p>\n<p>4Peace Ensemble; Lucky Dube; Mahotella Queens; Orchestre Baobab em Joanesburgo.<\/p>\n<\/div>\n<div><\/div>\n<div><span style=\"color:#000000\"><strong>Technorati tags:<\/strong> <a href=\"http:\/\/technorati.com\/tag\/live8\">live8<\/a><\/span><\/span><\/div>","protected":false},"excerpt":{"rendered":"<p>Considerado, por uns, um acontecimento oportunista e discriminat\u00f3rio e, por outros, como a nova batalha pela melhoria das condi\u00e7\u00f5es de vida do Continente Africano, a verdade \u00e9 que o Live 8 ser\u00e1 o maior acontecimento musical de todos os tempos, contando com a participa\u00e7\u00e3o dos principais nomes da m\u00fasica mundial. Embora com objectivos diferentes, o<\/p>","protected":false},"author":1,"featured_media":0,"comment_status":"open","ping_status":"open","sticky":false,"template":"","format":"standard","meta":[],"categories":[1],"tags":[],"_links":{"self":[{"href":"https:\/\/www.ecletismomusical.pt\/en\/wp-json\/wp\/v2\/posts\/1007"}],"collection":[{"href":"https:\/\/www.ecletismomusical.pt\/en\/wp-json\/wp\/v2\/posts"}],"about":[{"href":"https:\/\/www.ecletismomusical.pt\/en\/wp-json\/wp\/v2\/types\/post"}],"author":[{"embeddable":true,"href":"https:\/\/www.ecletismomusical.pt\/en\/wp-json\/wp\/v2\/users\/1"}],"replies":[{"embeddable":true,"href":"https:\/\/www.ecletismomusical.pt\/en\/wp-json\/wp\/v2\/comments?post=1007"}],"version-history":[{"count":0,"href":"https:\/\/www.ecletismomusical.pt\/en\/wp-json\/wp\/v2\/posts\/1007\/revisions"}],"wp:attachment":[{"href":"https:\/\/www.ecletismomusical.pt\/en\/wp-json\/wp\/v2\/media?parent=1007"}],"wp:term":[{"taxonomy":"category","embeddable":true,"href":"https:\/\/www.ecletismomusical.pt\/en\/wp-json\/wp\/v2\/categories?post=1007"},{"taxonomy":"post_tag","embeddable":true,"href":"https:\/\/www.ecletismomusical.pt\/en\/wp-json\/wp\/v2\/tags?post=1007"}],"curies":[{"name":"wp","href":"https:\/\/api.w.org\/{rel}","templated":true}]}}