{"id":1008,"date":"2005-06-22T18:02:00","date_gmt":"2005-06-22T18:02:00","guid":{"rendered":"https:\/\/ecletismomusical.pt\/y-cuba-quiere-a-serrat\/"},"modified":"2005-06-22T18:02:00","modified_gmt":"2005-06-22T18:02:00","slug":"y-cuba-quiere-a-serrat","status":"publish","type":"post","link":"https:\/\/www.ecletismomusical.pt\/en\/y-cuba-quiere-a-serrat\/","title":{"rendered":"\u00abY Cuba quiere a Serrat\u00bb"},"content":{"rendered":"<div><a href=\"http:\/\/personal.telefonica.terra.es\/web\/joanmanuelserrat\/news\/marc05\/cartell_cuba.htm\"><img height=\"239\" alt=\"Image Hosted by ImageShack.us\" src=\"http:\/\/img192.echo.cx\/img192\/236\/9634jpg4xy.jpg\" width=\"262\" \/><\/a><\/p>\n<p><a href=\"http:\/\/personal.telefonica.terra.es\/web\/joanmanuelserrat\/news\/marc05\/cartell_cuba.htm\">Cuba le canta a Serrat<\/a> &#8211; V\u00e1rios Artistas<br \/><img src=\"http:\/\/images-eu.amazon.com\/images\/G\/02\/detail\/stars-5-0.gif\" \/><\/p>\n<p>Desde os dias da <strong>Nueva Trova<\/strong> at\u00e9 aos do <strong>Buenavista Social Club<\/strong>, a figura do cantautor catal\u00e3o &#8211; <a href=\"http:\/\/www.jmserrat.com\/\">Joan Manuel Serrat <\/a>&#8211; tem sido objecto de um profunda admira\u00e7\u00e3o e respeito na mais musical ilha do Caribe. Este trabalho duplo, composto por dois cd&#8217;s e um Dvd, \u00e9 a sincera homenagem dos principais m\u00fasicos cubanos \u00e0 obra do maior cantautor europeu.<\/p>\n<p>Ao longo de mais de um ano, a convite da editora <strong>DiscMedi-Blau<\/strong>, os grandes nomes da m\u00fasica cubana reuniram-se em <strong>Cuba<\/strong>, apresentando vers\u00f5es dos mais emblem\u00e1ticos temas de <strong>Serrat<\/strong>. O resultado foi brilhante, conferindo \u00e0s can\u00e7\u00f5es do poeta Serrat, a verdadeira alma de Cuba.<\/p>\n<p>A riqueza dos ritmos cubanos foi aqui utilizada com mestria, contando com vers\u00f5es verdadeiramente magistrais, de nomes como <strong>Omara Portuondo, Ibrahim Ferrer<\/strong>, o magn\u00edfico <strong>Silvio Rodriguez, Pablo Milan\u00e9s, Chuco Vald\u00e9s, Compay Segundo<\/strong>, entre muitos outros nomes da primeira linha da m\u00fasica cubana.<\/p>\n<p>\u00c9 pois uma sentida e sincera declara\u00e7\u00e3o de amor de Cuba \u00e0 figura de <strong>Joan Manuel Serrat<\/strong>, num projecto \u00fanico, que merece ser apreciado com particular interesse.<\/div>\n<p><strong>Alinhamento:<\/strong><\/p>\n<p><span style=\"font-size:85%\">CD1<\/p>\n<p>01- <strong>Turr\u00e9<\/strong> &#8211; Pancho Amat y el Cabildo del Son<br \/>02- <strong>Por Dignidad<\/strong> &#8211; Omara Portuondo<br \/><br \/>03- <strong>No Hago Otra Cosa Que Pensar En Ti<\/strong> &#8211; Orquesta Arag\u00f3n<br \/>04- <strong>Como Un Gorri\u00f3n<\/strong> &#8211; Grupo Compay Segundo<br \/><br \/>05- <strong>Toca Madera<\/strong> &#8211; Vania y Tata G\u00fcines<br \/>06- <strong>Te Guste o No<\/strong> &#8211; Ibrahim Ferrer<br \/><br \/>07- <strong>Menos Tu Vientre<\/strong> &#8211; Silvio Rodr\u00edguez<br \/><br \/>08- <strong>Para La Libertad<\/strong> &#8211; Aceituras Sin Hueso<br \/>09- <strong>Luc\u00eda<\/strong> &#8211; Haila<br \/><br \/>10- <strong>Se\u00f1ora<\/strong> &#8211; David Calzado y su Charanga Habanera<br \/>11- <strong>Maditerr\u00e1neo<\/strong> &#8211; Frank Fern\u00e1ndez<\/p>\n<p>CD2<\/p>\n<p>01- <strong>Mensaje da Amor de Curso Legal<\/strong> &#8211; Pablo Milan\u00e9s<br \/><br \/>02- <strong>Paraules D&#8217;amor<\/strong> &#8211; Chucho Vald\u00e9s<br \/><br \/>03- <strong>La Mujer Que Yo Quiero<\/strong> &#8211; Pupy y Los que Son Son<br \/>04- <strong>Cantares<\/strong> &#8211; Tr\u00edo Taicuba (com Tata G\u00fcines)<br \/>05- <strong>Aquellas Peque\u00f1as Cosas<\/strong> &#8211; Somos Amigos<br \/><br \/>06- <strong>Me Gusta Todo De Ti(Pero T\u00fa No)<\/strong> &#8211; P\u00edo Leyva<br \/>07- <strong>Tu Nombre Me Sabe a Yerba<\/strong> &#8211; Leyanis L\u00f3pez<br \/><br \/>08- <strong>Hoy Puede Ser Un Gran D\u00eda<\/strong> &#8211; La Familia Valera Miranda<br \/>09- <strong>Desamor<\/strong> &#8211; Davis \u00c1lvarez y Juego de Manos<br \/>10- <strong>Pen\u00e9lope<\/strong> &#8211; Bamboleo<br \/><\/p>\n<p><\/span><\/p>","protected":false},"excerpt":{"rendered":"<p>Cuba le canta a Serrat &#8211; V\u00e1rios Artistas Desde os dias da Nueva Trova at\u00e9 aos do Buenavista Social Club, a figura do cantautor catal\u00e3o &#8211; Joan Manuel Serrat &#8211; tem sido objecto de um profunda admira\u00e7\u00e3o e respeito na mais musical ilha do Caribe. Este trabalho duplo, composto por dois cd&#8217;s e um Dvd,<\/p>","protected":false},"author":1,"featured_media":0,"comment_status":"open","ping_status":"open","sticky":false,"template":"","format":"standard","meta":[],"categories":[1],"tags":[],"_links":{"self":[{"href":"https:\/\/www.ecletismomusical.pt\/en\/wp-json\/wp\/v2\/posts\/1008"}],"collection":[{"href":"https:\/\/www.ecletismomusical.pt\/en\/wp-json\/wp\/v2\/posts"}],"about":[{"href":"https:\/\/www.ecletismomusical.pt\/en\/wp-json\/wp\/v2\/types\/post"}],"author":[{"embeddable":true,"href":"https:\/\/www.ecletismomusical.pt\/en\/wp-json\/wp\/v2\/users\/1"}],"replies":[{"embeddable":true,"href":"https:\/\/www.ecletismomusical.pt\/en\/wp-json\/wp\/v2\/comments?post=1008"}],"version-history":[{"count":0,"href":"https:\/\/www.ecletismomusical.pt\/en\/wp-json\/wp\/v2\/posts\/1008\/revisions"}],"wp:attachment":[{"href":"https:\/\/www.ecletismomusical.pt\/en\/wp-json\/wp\/v2\/media?parent=1008"}],"wp:term":[{"taxonomy":"category","embeddable":true,"href":"https:\/\/www.ecletismomusical.pt\/en\/wp-json\/wp\/v2\/categories?post=1008"},{"taxonomy":"post_tag","embeddable":true,"href":"https:\/\/www.ecletismomusical.pt\/en\/wp-json\/wp\/v2\/tags?post=1008"}],"curies":[{"name":"wp","href":"https:\/\/api.w.org\/{rel}","templated":true}]}}