{"id":1019,"date":"2005-05-16T14:02:00","date_gmt":"2005-05-16T14:02:00","guid":{"rendered":"https:\/\/ecletismomusical.pt\/festival-timpano\/"},"modified":"2005-05-16T14:02:00","modified_gmt":"2005-05-16T14:02:00","slug":"festival-timpano","status":"publish","type":"post","link":"https:\/\/www.ecletismomusical.pt\/en\/festival-timpano\/","title":{"rendered":"Festival T\u00edmpano"},"content":{"rendered":"<p><img src=\"http:\/\/img.photobucket.com\/albums\/v602\/somactivo\/timpano.jpg\" \/><\/p>\n<p><\/p>\n<div>Via <a href=\"http:\/\/som-activo.blogspot.com\/2005\/05\/o-cartaz-do-tmpano.html\">Som Activo<\/a>, aqui fica o programa do <strong>T\u00edmpano &#8211; Festival de M\u00fasica<\/strong>, que decorrer\u00e1 na Casa das Artes de Famalic\u00e3o, de 18 a 30 de Maio.<\/p>\n<p>Alguns Destaques:<\/p>\n<p><img src=\"http:\/\/img.photobucket.com\/albums\/v602\/somactivo\/perryblake.jpg\" \/><\/div>\n<p>18 MAI grande audit\u00f3rio, Quarta (22h00)<br \/><a href=\"http:\/\/www.perryblake.com\/\">PERRY BLAKE<\/a> (IRLANDA) &#8211; 10 Euros (pre\u00e7o \u00fanico)<\/p>\n<p>21 MAI grande audit\u00f3rio, S\u00e1bado (22h00)<br \/><a href=\"http:\/\/www.lydia-lunch.org\/\">LYDIA LUNCH<\/a> (EUA) &#8211; 15 Euros (pre\u00e7o \u00fanico)<\/p>\n<p>25 MAI grande audit\u00f3rio, Quarta (22h00)<br \/><a href=\"http:\/\/www.sunkilmoon.com\/\">MARK KOZELEK<\/a> (EUA) + <a href=\"http:\/\/www.lisacerbone.com\/\">LISA CERBONE<\/a> (EUA) &#8211; 5 Euros (pre\u00e7o \u00fanico)<\/p>\n<p>28 MAI grande audit\u00f3rio, S\u00e1bado (22h00)<br \/><a href=\"http:\/\/www.transformadores.pt\/\">QUINTETO TATI<\/a> (PT) + <a href=\"http:\/\/www.deadcombo.net\/\">DEAD COMBO<\/a> (PT) &#8211; 5 Euros (pre\u00e7o \u00fanico)<\/p>\n<p>30 MAI grande audit\u00f3rio, Segunda (22h00)<br \/><a href=\"http:\/\/www.antonyandthejohnsons.com\/\">ANTONY AND THE JOHNSONS<\/a> (UK) &#8211; 15 euros (pre\u00e7o \u00fanico)<\/p>\n<p>Informa\u00e7\u00f5es e\/ou reservas:<br \/>Tel. 252 371 297 \/ 8 Fax. 252 371 299<br \/>e-mail: <a href=\"mailto:casadasartes@cm-vnfamalicao.pt\">casadasartes@cm-vnfamalicao.pt<\/a><\/p>","protected":false},"excerpt":{"rendered":"<p>Via Som Activo, aqui fica o programa do T\u00edmpano &#8211; Festival de M\u00fasica, que decorrer\u00e1 na Casa das Artes de Famalic\u00e3o, de 18 a 30 de Maio. Alguns Destaques: 18 MAI grande audit\u00f3rio, Quarta (22h00)PERRY BLAKE (IRLANDA) &#8211; 10 Euros (pre\u00e7o \u00fanico) 21 MAI grande audit\u00f3rio, S\u00e1bado (22h00)LYDIA LUNCH (EUA) &#8211; 15 Euros (pre\u00e7o \u00fanico)<\/p>","protected":false},"author":1,"featured_media":0,"comment_status":"open","ping_status":"open","sticky":false,"template":"","format":"standard","meta":[],"categories":[1],"tags":[],"_links":{"self":[{"href":"https:\/\/www.ecletismomusical.pt\/en\/wp-json\/wp\/v2\/posts\/1019"}],"collection":[{"href":"https:\/\/www.ecletismomusical.pt\/en\/wp-json\/wp\/v2\/posts"}],"about":[{"href":"https:\/\/www.ecletismomusical.pt\/en\/wp-json\/wp\/v2\/types\/post"}],"author":[{"embeddable":true,"href":"https:\/\/www.ecletismomusical.pt\/en\/wp-json\/wp\/v2\/users\/1"}],"replies":[{"embeddable":true,"href":"https:\/\/www.ecletismomusical.pt\/en\/wp-json\/wp\/v2\/comments?post=1019"}],"version-history":[{"count":0,"href":"https:\/\/www.ecletismomusical.pt\/en\/wp-json\/wp\/v2\/posts\/1019\/revisions"}],"wp:attachment":[{"href":"https:\/\/www.ecletismomusical.pt\/en\/wp-json\/wp\/v2\/media?parent=1019"}],"wp:term":[{"taxonomy":"category","embeddable":true,"href":"https:\/\/www.ecletismomusical.pt\/en\/wp-json\/wp\/v2\/categories?post=1019"},{"taxonomy":"post_tag","embeddable":true,"href":"https:\/\/www.ecletismomusical.pt\/en\/wp-json\/wp\/v2\/tags?post=1019"}],"curies":[{"name":"wp","href":"https:\/\/api.w.org\/{rel}","templated":true}]}}