{"id":1024,"date":"2005-05-03T17:03:00","date_gmt":"2005-05-03T17:03:00","guid":{"rendered":"https:\/\/ecletismomusical.pt\/fadugal\/"},"modified":"2005-05-03T17:03:00","modified_gmt":"2005-05-03T17:03:00","slug":"fadugal","status":"publish","type":"post","link":"https:\/\/www.ecletismomusical.pt\/en\/fadugal\/","title":{"rendered":"\u00abFadugal\u00bb"},"content":{"rendered":"<p><img style=\"width: 272px;height: 262px\" src=\"http:\/\/images-eu.amazon.com\/images\/P\/B00083D57Y.02.LZZZZZZZ.jpg\" \/><\/p>\n<p><a href=\"http:\/\/www.mariza.org\/transparente.html\">Transparente<\/a> &#8211; Mariza<br \/><img src=\"http:\/\/images-eu.amazon.com\/images\/G\/02\/detail\/stars-4-0.gif\" \/><\/p>\n<div style=\"text-align: justify\">\n<p style=\"margin-bottom: 12pt;text-align: justify\"><span>Foi editado no dia 25 de Abril, o terceiro \u00e1lbum da carreira da fadista portuguesa <b>Mariza<\/b>. <b>\u00abTransparente\u00bb<\/b> foi gravado durante os primeiros meses de 2005, no Brasil, com produ\u00e7\u00e3o de <b>Jaques Morelenbaum<\/b>.<\/p>\n<p>Depois do enorme sucesso alcan\u00e7ado com os seus dois primeiros \u00e1lbuns, <b>\u00abFado em Mim\u00bb e \u00abFado Curvo\u00bb<\/b>, <b>Mariza<\/b> decidiu que n\u00e3o queria limitar-se a repetir a f\u00f3rmula de sucesso. Procurou que <span style=\"font-weight: bold\">\u00abTransparente\u00bb<\/span> fosse um \u00e1lbum diferente e inovador. Para tal, contrariando as tradi\u00e7\u00f5es portuguesas de concep\u00e7\u00e3o de discos de Fado, resolveu gravar este seu terceiro \u00e1lbum no Brasil, com a produ\u00e7\u00e3o de Jaques Morelenbaum.<\/p>\n<p>Ser\u00e1 precisamente a produ\u00e7\u00e3o de <span style=\"font-weight: bold\">Morelenbaum<\/span>, o aspecto mais controverso e discut\u00edvel deste trabalho de <span style=\"font-weight: bold\">Mariza<\/span>. A sonoridade alcan\u00e7ada, nomeadamente pelos arranjos &#8220;alternativos&#8221; feitos nos fados tradicionais e, particularmente, pela predomin\u00e2ncia dos conjuntos de cordas (violoncelo, violinos) em grande parte dos temas, poder\u00e1 desvirtuar um pouco aquilo a que os puristas do Fado est\u00e3o habituados a ouvir.<\/p>\n<p>No entanto, apesar de em alguns momentos parecer que a voz e excel\u00eancia interpretativa de <span style=\"font-weight: bold\">Mariza<\/span> dispensavam os floreados cl\u00e1ssicos, na maior parte do disco, o acompanhamento dos instrumentos cl\u00e1ssicos funciona bem, corporizando a m\u00fasica e dando-lhe extens\u00e3o. <b>Mariza<\/b> nunca ser\u00e1 <b>Am\u00e1lia<\/b>, primeiro porque as <span style=\"font-style: italic\">divas<\/span> dos tempos modernos nunca se poder\u00e3o comparar \u00e0s de outrora, depois porque <span style=\"font-weight: bold\">Am\u00e1lia<\/span> era uma Fadista cl\u00e1ssica, nascida e criada num <span style=\"font-weight: bold\">Portugal<\/span> fechado para o Mundo, enquanto Mariza \u00e9 uma cidad\u00e3 do mundo, recebendo e interiorizando influ\u00eancias de diversos universos musicais.<\/p>\n<p>Recorrendo a fados tradicionais e a temas compostos propositadamente para si, <b>Mariza<\/b> canta poesia de <b>Vasco Gra\u00e7a Moura, Alexandre O&#8217;Neill, Florbela Espanca e Fernando Pessoa<\/b>, entre outros, como <b>Fernando Tordo, Aldina Duarte, Paulo Abreu Lima, Rui Veloso e Paulo de Carvalho,<\/b> autor da letra e m\u00fasica do primeiro <i>single<\/i> do \u00e1lbum &#8211; <b>\u00abMeu Fado meu\u00bb<\/b>.<\/p>\n<p><b>Mariza<\/b> faz ainda uma homenagem a tr\u00eas dos principais nomes do Fado Portugu\u00eas, interpretando temas popularizados por <b>Am\u00e1lia Rodrigues<\/b> (<b>\u00abMedo\u00bb<\/b>), <b>Fernando Maur\u00edcio<\/b> (<b>\u00abQuando Me Sinto S\u00f3\u00bb<\/b>) e <b>Carlos do Carmo<\/b> (<b>\u00abDuas L\u00e1grimas de Orvalho\u00bb<\/b>).<\/span><\/p>\n<p style=\"text-align: justify\"><span>Este \u00e9, pois, um \u00e1lbum recheado de motivos de interesses da mais premiada voz portuguesa da actualidade, vencedora do reputado pr\u00e9mio da <b>BBC Radio 3<\/b> para a Melhor Int\u00e9rprete Europeia na \u00e1rea da <b>World Music<\/b> em 2002, e do <b>European Border Breakers Award<\/b> de 2004.<br \/><\/span><\/p>\n<p style=\"text-align: justify\"><span style=\"font-weight: bold\">Alinhamento:<\/span><\/p>\n<p style=\"text-align: justify\"><span style=\"font-size: 12pt\"><span style=\"font-size:85%\">1. H\u00e1 Uma M\u00fasica Do Povo<br \/> 2. Meu Fado Meu<br \/> 3. Recusa<br \/> 4. Quando Me Sinto S\u00f3<br \/> 5. Montras<br \/> 6. H\u00e1 Palavras Que Nos Beijam<br \/> 7. Transparente<br \/> 8. Fado Portugu\u00eas De N\u00f3s<br \/> 9. Malmequer<br \/> 10. Medo<br \/> 11. Toada Do Desengano<br \/> 12. Fado Tordo<br \/> 13. Duas L\u00e1grimas De Orvalho<br \/> 14. Desejos V\u00e3os<\/span><br \/><\/span><\/p>\n<p style=\"text-align: justify\"><span style=\"font-size: 12pt\"><a href=\"http:\/\/217.148.162.9\/movies\/Mariza_EPK.wmv\">Video<\/a> do Making Of de <span style=\"font-weight: bold\">\u00abTransparente\u00bb<\/span><br \/><\/span><span><\/span><\/p>\n<\/p><\/div>","protected":false},"excerpt":{"rendered":"<p>Transparente &#8211; Mariza Foi editado no dia 25 de Abril, o terceiro \u00e1lbum da carreira da fadista portuguesa Mariza. \u00abTransparente\u00bb foi gravado durante os primeiros meses de 2005, no Brasil, com produ\u00e7\u00e3o de Jaques Morelenbaum. Depois do enorme sucesso alcan\u00e7ado com os seus dois primeiros \u00e1lbuns, \u00abFado em Mim\u00bb e \u00abFado Curvo\u00bb, Mariza decidiu que<\/p>","protected":false},"author":1,"featured_media":0,"comment_status":"open","ping_status":"open","sticky":false,"template":"","format":"standard","meta":[],"categories":[1],"tags":[],"_links":{"self":[{"href":"https:\/\/www.ecletismomusical.pt\/en\/wp-json\/wp\/v2\/posts\/1024"}],"collection":[{"href":"https:\/\/www.ecletismomusical.pt\/en\/wp-json\/wp\/v2\/posts"}],"about":[{"href":"https:\/\/www.ecletismomusical.pt\/en\/wp-json\/wp\/v2\/types\/post"}],"author":[{"embeddable":true,"href":"https:\/\/www.ecletismomusical.pt\/en\/wp-json\/wp\/v2\/users\/1"}],"replies":[{"embeddable":true,"href":"https:\/\/www.ecletismomusical.pt\/en\/wp-json\/wp\/v2\/comments?post=1024"}],"version-history":[{"count":0,"href":"https:\/\/www.ecletismomusical.pt\/en\/wp-json\/wp\/v2\/posts\/1024\/revisions"}],"wp:attachment":[{"href":"https:\/\/www.ecletismomusical.pt\/en\/wp-json\/wp\/v2\/media?parent=1024"}],"wp:term":[{"taxonomy":"category","embeddable":true,"href":"https:\/\/www.ecletismomusical.pt\/en\/wp-json\/wp\/v2\/categories?post=1024"},{"taxonomy":"post_tag","embeddable":true,"href":"https:\/\/www.ecletismomusical.pt\/en\/wp-json\/wp\/v2\/tags?post=1024"}],"curies":[{"name":"wp","href":"https:\/\/api.w.org\/{rel}","templated":true}]}}