{"id":1034,"date":"2005-04-14T13:10:00","date_gmt":"2005-04-14T13:10:00","guid":{"rendered":"https:\/\/ecletismomusical.pt\/inauguracao-casa-da-musica\/"},"modified":"2005-04-14T13:10:00","modified_gmt":"2005-04-14T13:10:00","slug":"inauguracao-casa-da-musica","status":"publish","type":"post","link":"https:\/\/www.ecletismomusical.pt\/en\/inauguracao-casa-da-musica\/","title":{"rendered":"Inaugura\u00e7\u00e3o: Casa da M\u00fasica"},"content":{"rendered":"<p><img style=\"width: 250px;height: 292px\" src=\"http:\/\/members.aye.net\/~gharris\/blog\/1979LouReed.jpg\" \/> <span style=\"font-size:78%\">Lou Reed<\/p>\n<p><\/span><span><a href=\"http:\/\/www.casadamusica.com\/CulturalAgenda\/event_detail.aspx?idShow=CE5B4B19-B182-42B2-B49E-7D4B26825ED7&amp;channelID=974A26B0-2329-4F77-AB20-F366139E22F4&amp;contentID=FD87A57C-6341-479D-8000-16C97D183171&amp;leftChannelID=974A26B0-2329-4F77-AB20-F366139E22F4\"><span style=\"font-weight: bold\">Espect\u00e1culo Multim\u00e9dia \/ Laser<\/span><\/a><br \/><\/span><\/span><\/span><\/span><\/span><\/span><\/span><\/span><\/span><\/span><\/span><\/span><\/span><\/span><\/span><\/span><\/span><\/span><\/span><\/span><\/span><\/span><\/span><\/span><\/span><\/span><\/span><\/span><\/span><\/span><\/span><\/span><\/span><\/span><\/span><\/span><\/span><\/span><span style=\"font-weight: bold\">Quinta | 14 Abril 2005          <br \/>20:00, Pra\u00e7a Exterior<\/span><\/span><\/span><\/span><\/span><\/span><\/span><\/span><\/span><\/span><\/span><\/span><\/span><\/span><\/span><\/span><\/span><\/span><\/span><\/span><\/span><\/span><\/span><\/span><\/span><\/span><\/span><\/span><\/span><\/span><\/span><\/span><\/span><\/span><\/span><\/span><\/span><br \/><span style=\"font-size:78%\"><br \/><\/span><span><a href=\"http:\/\/www.casadamusica.com\/CulturalAgenda\/event_detail.aspx?idShow=196B1008-11B1-42DF-AEE6-C9F7125ACBE2&amp;channelID=5766770B-D507-4D00-BD21-EAE1A7457631&amp;contentID=3DA2C761-5068-4414-B947-2EE521427B49&amp;leftChannelID=5766770B-D507-4D00-BD21-EAE1A7457631\"><span style=\"font-weight: bold\">LOU REED | Cl\u00e3<\/span><\/a><br \/><\/span><\/span><\/span><\/span><\/span><\/span><\/span><\/span><\/span><\/span><\/span><\/span><\/span><\/span><\/span><\/span><\/span><\/span><\/span><\/span><\/span><\/span><\/span><\/span><\/span><\/span><\/span><\/span><\/span><\/span><\/span><\/span><\/span><\/span><\/span><\/span><\/span><\/span><span style=\"font-weight: bold\">Quinta | 14 Abril 2005            <br \/>21:00, Sala 1<\/p>\n<p>Para mais informa\u00e7\u00f5es consultar &#8211; <a href=\"http:\/\/eclectismomusical.blogspot.com\/2005\/03\/casa-da-msica-do-porto-agenda.html\">Especial Casa da M\u00fasica do Porto.<\/a><br \/><\/span><\/span><\/span><\/span><\/span><\/span><\/span><\/span><\/span><\/span><\/span><\/span><\/span><\/span><\/span><\/span><\/span><\/span><\/span><\/span><\/span><\/span><\/span><\/span><\/span><\/span><\/span><\/span><\/span><\/span><\/span><\/span><\/span><\/span><\/span><\/span><\/span><\/p>","protected":false},"excerpt":{"rendered":"<p>Lou Reed Espect\u00e1culo Multim\u00e9dia \/ LaserQuinta | 14 Abril 2005 20:00, Pra\u00e7a ExteriorLOU REED | Cl\u00e3Quinta | 14 Abril 2005 21:00, Sala 1 Para mais informa\u00e7\u00f5es consultar &#8211; Especial Casa da M\u00fasica do Porto.<\/p>","protected":false},"author":1,"featured_media":0,"comment_status":"open","ping_status":"open","sticky":false,"template":"","format":"standard","meta":[],"categories":[1],"tags":[],"_links":{"self":[{"href":"https:\/\/www.ecletismomusical.pt\/en\/wp-json\/wp\/v2\/posts\/1034"}],"collection":[{"href":"https:\/\/www.ecletismomusical.pt\/en\/wp-json\/wp\/v2\/posts"}],"about":[{"href":"https:\/\/www.ecletismomusical.pt\/en\/wp-json\/wp\/v2\/types\/post"}],"author":[{"embeddable":true,"href":"https:\/\/www.ecletismomusical.pt\/en\/wp-json\/wp\/v2\/users\/1"}],"replies":[{"embeddable":true,"href":"https:\/\/www.ecletismomusical.pt\/en\/wp-json\/wp\/v2\/comments?post=1034"}],"version-history":[{"count":0,"href":"https:\/\/www.ecletismomusical.pt\/en\/wp-json\/wp\/v2\/posts\/1034\/revisions"}],"wp:attachment":[{"href":"https:\/\/www.ecletismomusical.pt\/en\/wp-json\/wp\/v2\/media?parent=1034"}],"wp:term":[{"taxonomy":"category","embeddable":true,"href":"https:\/\/www.ecletismomusical.pt\/en\/wp-json\/wp\/v2\/categories?post=1034"},{"taxonomy":"post_tag","embeddable":true,"href":"https:\/\/www.ecletismomusical.pt\/en\/wp-json\/wp\/v2\/tags?post=1034"}],"curies":[{"name":"wp","href":"https:\/\/api.w.org\/{rel}","templated":true}]}}