{"id":1035,"date":"2005-04-13T14:00:00","date_gmt":"2005-04-13T14:00:00","guid":{"rendered":"https:\/\/ecletismomusical.pt\/memorias\/"},"modified":"2005-04-13T14:00:00","modified_gmt":"2005-04-13T14:00:00","slug":"memorias","status":"publish","type":"post","link":"https:\/\/www.ecletismomusical.pt\/en\/memorias\/","title":{"rendered":"Mem\u00f3rias"},"content":{"rendered":"<p><span style=\"font-weight: bold\">Marbella &#8211; Ver\u00e3o de 1998<\/p>\n<p><img style=\"width: 373px;height: 221px\" src=\"http:\/\/www.geocities.com\/CollegePark\/Union\/2198\/ellabs25.jpg\" \/><\/p>\n<p><\/span> <\/p>\n<div style=\"text-align: justify\">Foram um dos maiores fen\u00f3menos da m\u00fasica pop espanhola durante 5 anos. De 1997 a 2001, venderam mais de <span style=\"font-weight: bold\">2 Milh\u00f5es de discos<\/span>, de entre os seus 3 \u00e1lbuns de originais. Deram mais de 400 concertos em Espanha e na Am\u00e9rica Latina. Ganharam diversos pr\u00e9mios e foram nomeadas para um Grammy Latino em 2001. <a href=\"http:\/\/www.los40.com\/artistas\/ficha_artista.html?grp_id=9491\">Ella Baila Sola<\/a> eram um duo feminino formado por <span style=\"font-weight: bold\">Marta Botia e Mar\u00edlia Casares<\/span>. Em 2001 decidiram seguir rumos diferentes e terminaram o projecto EBS. Desde ent\u00e3o a <a href=\"http:\/\/www.emimusic-spain.com\/\">EMI espanhola<\/a> tem vindo a lan\u00e7ar compila\u00e7\u00f5es dos seus maiores \u00eaxitos:<\/p>\n<p><img style=\"width: 161px;height: 161px\" src=\"http:\/\/www.emimusic-spain.com\/novedades\/FOTOS\/4771510.jpg\" \/><br \/><\/span><\/div>\n<p> <span style=\"font-weight: bold\"><br \/><\/span> <\/span><\/span><\/span><\/span><\/p>\n<div style=\"text-align: justify\"><span style=\"font-style: italic;font-weight: bold\">             * \u00a1La recopilaci\u00f3n audiovisual m\u00e1s completa del grupo femenino m\u00e1s vendedor de la m\u00fasica espa\u00f1ola!! <\/span><\/span><\/span><\/span><\/span><\/span><\/span><\/span><\/span><\/span><\/span><br \/><span style=\"font-style: italic;font-weight: bold\">* CD + DVD <\/span><br \/><span style=\"font-style: italic;font-weight: bold\">* El CD contiene 20 temas = los mayores \u00e9xitos de sus tres \u00e1lbumes de estudio completamente remasterizados + una remezcla in\u00e9dita de &#8220;Y Quisiera&#8221; (Remix &#8211; Radio Edit) <\/span><br \/><span style=\"font-style: italic;font-weight: bold\">* El DVD contiene todos sus videoclips + extras in\u00e9ditos (presentaci\u00f3n del \u00e1lbum &#8220;EBS&#8221; en Argentina \/ &#8220;Suelo de canicas&#8221; en el B\u00e1sico de 40PP grabado en el C\u00edrculo de BB AA de MAdrid el 28 de Marzo de 1999 \/ EPK del \u00e1lbum &#8220;Marta y Marilia&#8221;)<\/p>\n<p><\/span><img src=\"http:\/\/www.geocities.com\/CollegePark\/Union\/2198\/ellabs39.jpg\" \/><\/p>\n<p><span>Gracias por todo M.<\/span><span style=\"font-weight: bold\"><br \/><\/span><\/span><\/span><\/span><\/span><\/span><\/span><\/span><\/span><\/span><\/span><\/span><\/span><\/span><\/span><\/span><\/span><\/span><\/span><\/span><\/span><\/span><\/div>","protected":false},"excerpt":{"rendered":"<p>Marbella &#8211; Ver\u00e3o de 1998 Foram um dos maiores fen\u00f3menos da m\u00fasica pop espanhola durante 5 anos. De 1997 a 2001, venderam mais de 2 Milh\u00f5es de discos, de entre os seus 3 \u00e1lbuns de originais. Deram mais de 400 concertos em Espanha e na Am\u00e9rica Latina. Ganharam diversos pr\u00e9mios e foram nomeadas para um<\/p>","protected":false},"author":1,"featured_media":0,"comment_status":"open","ping_status":"open","sticky":false,"template":"","format":"standard","meta":[],"categories":[1],"tags":[],"_links":{"self":[{"href":"https:\/\/www.ecletismomusical.pt\/en\/wp-json\/wp\/v2\/posts\/1035"}],"collection":[{"href":"https:\/\/www.ecletismomusical.pt\/en\/wp-json\/wp\/v2\/posts"}],"about":[{"href":"https:\/\/www.ecletismomusical.pt\/en\/wp-json\/wp\/v2\/types\/post"}],"author":[{"embeddable":true,"href":"https:\/\/www.ecletismomusical.pt\/en\/wp-json\/wp\/v2\/users\/1"}],"replies":[{"embeddable":true,"href":"https:\/\/www.ecletismomusical.pt\/en\/wp-json\/wp\/v2\/comments?post=1035"}],"version-history":[{"count":0,"href":"https:\/\/www.ecletismomusical.pt\/en\/wp-json\/wp\/v2\/posts\/1035\/revisions"}],"wp:attachment":[{"href":"https:\/\/www.ecletismomusical.pt\/en\/wp-json\/wp\/v2\/media?parent=1035"}],"wp:term":[{"taxonomy":"category","embeddable":true,"href":"https:\/\/www.ecletismomusical.pt\/en\/wp-json\/wp\/v2\/categories?post=1035"},{"taxonomy":"post_tag","embeddable":true,"href":"https:\/\/www.ecletismomusical.pt\/en\/wp-json\/wp\/v2\/tags?post=1035"}],"curies":[{"name":"wp","href":"https:\/\/api.w.org\/{rel}","templated":true}]}}