{"id":1038,"date":"2005-04-04T19:32:00","date_gmt":"2005-04-04T19:32:00","guid":{"rendered":"https:\/\/ecletismomusical.pt\/revista-cais-edicao-de-marco\/"},"modified":"2005-04-04T19:32:00","modified_gmt":"2005-04-04T19:32:00","slug":"revista-cais-edicao-de-marco","status":"publish","type":"post","link":"https:\/\/www.ecletismomusical.pt\/en\/revista-cais-edicao-de-marco\/","title":{"rendered":"Revista CAIS &#8211; Edi\u00e7\u00e3o de Mar\u00e7o"},"content":{"rendered":"<p><a href=\"http:\/\/www.cais.pt\/\"><img style=\"width: 220px;height: 269px\" src=\"http:\/\/genesis.home.sapo.pt\/CapaCais97_small.jpg\" \/><\/a><span style=\"font-size:85%\"><br \/>Foto retirada do blog <a href=\"http:\/\/genesiscascais75.blogspot.com\/\">Genesis, Cascais 75<\/a><\/span><\/p>\n<div style=\"text-align: justify\">Pese embora algum atraso que impossibilitar\u00e1 a presen\u00e7a nas actividades j\u00e1 realizadas, gostaria-se de chamar a aten\u00e7\u00e3o para a Edi\u00e7\u00e3o da <span style=\"font-weight: bold\">Revista <\/span><a style=\"font-weight: bold\" href=\"http:\/\/www.cais.pt\/\">CAIS<\/a> de Mar\u00e7o, inteiramente dedicada aos concertos que os <span style=\"font-weight: bold\">Genesis<\/span> deram a 6 e 7 de <span style=\"font-weight: bold\">Mar\u00e7o de 1975<\/span> no Pavilh\u00e3o de Cascais, naquele que foi o primeiro grande acontecimento musical em Portugal, no p\u00f3s 25 de Abril. Sendo portanto o primeiro grande concerto de Rock do nosso pa\u00eds.<\/p>\n<p>Este projecto, que tem como objectivo recordar um dos grandes momentos da hist\u00f3ria de Portugal no que diz respeito ao fen\u00f3meno musical, \u00e9 um projecto da <span style=\"font-weight: bold\">Associa\u00e7\u00e3o Extra]muros[. <\/span>Para mais informa\u00e7\u00f5es \u00e9 obrigat\u00f3rio comprar a <span style=\"font-weight: bold\">revista <a href=\"http:\/\/www.cais.pt\/\">CAIS<\/a><\/span> de Mar\u00e7o (aproveitando para com isso ajudar os sem-abrigo e outros carenciados sociais) e consultar o blog criado especialmente para o efeito &#8211; <a href=\"http:\/\/genesiscascais75.blogspot.com\/\">Genesis, Cascais 75<\/a><br \/><\/span><\/div>","protected":false},"excerpt":{"rendered":"<p>Foto retirada do blog Genesis, Cascais 75 Pese embora algum atraso que impossibilitar\u00e1 a presen\u00e7a nas actividades j\u00e1 realizadas, gostaria-se de chamar a aten\u00e7\u00e3o para a Edi\u00e7\u00e3o da Revista CAIS de Mar\u00e7o, inteiramente dedicada aos concertos que os Genesis deram a 6 e 7 de Mar\u00e7o de 1975 no Pavilh\u00e3o de Cascais, naquele que foi<\/p>","protected":false},"author":1,"featured_media":0,"comment_status":"open","ping_status":"open","sticky":false,"template":"","format":"standard","meta":[],"categories":[1],"tags":[],"_links":{"self":[{"href":"https:\/\/www.ecletismomusical.pt\/en\/wp-json\/wp\/v2\/posts\/1038"}],"collection":[{"href":"https:\/\/www.ecletismomusical.pt\/en\/wp-json\/wp\/v2\/posts"}],"about":[{"href":"https:\/\/www.ecletismomusical.pt\/en\/wp-json\/wp\/v2\/types\/post"}],"author":[{"embeddable":true,"href":"https:\/\/www.ecletismomusical.pt\/en\/wp-json\/wp\/v2\/users\/1"}],"replies":[{"embeddable":true,"href":"https:\/\/www.ecletismomusical.pt\/en\/wp-json\/wp\/v2\/comments?post=1038"}],"version-history":[{"count":0,"href":"https:\/\/www.ecletismomusical.pt\/en\/wp-json\/wp\/v2\/posts\/1038\/revisions"}],"wp:attachment":[{"href":"https:\/\/www.ecletismomusical.pt\/en\/wp-json\/wp\/v2\/media?parent=1038"}],"wp:term":[{"taxonomy":"category","embeddable":true,"href":"https:\/\/www.ecletismomusical.pt\/en\/wp-json\/wp\/v2\/categories?post=1038"},{"taxonomy":"post_tag","embeddable":true,"href":"https:\/\/www.ecletismomusical.pt\/en\/wp-json\/wp\/v2\/tags?post=1038"}],"curies":[{"name":"wp","href":"https:\/\/api.w.org\/{rel}","templated":true}]}}