{"id":1040,"date":"2005-03-31T17:35:00","date_gmt":"2005-03-31T17:35:00","guid":{"rendered":"https:\/\/ecletismomusical.pt\/casa-da-musica-do-porto-agenda\/"},"modified":"2005-03-31T17:35:00","modified_gmt":"2005-03-31T17:35:00","slug":"casa-da-musica-do-porto-agenda","status":"publish","type":"post","link":"https:\/\/www.ecletismomusical.pt\/en\/casa-da-musica-do-porto-agenda\/","title":{"rendered":"Casa da M\u00fasica do Porto &#8211; Agenda"},"content":{"rendered":"<p><img src=\"http:\/\/www.archined.nl\/archined\/uploads\/pics\/porto1_02.jpg\" \/><\/p>\n<div style=\"text-align: justify\">Quatro anos depois do previsto (era a obra refer\u00eancia da Porto &#8211; Capital Europeia da Cultura 2001) e com um custo superior a cerca de seis vezes o or\u00e7amentado, vai ser inaugurada no dia 14 de Abril a <a href=\"http:\/\/www.casadamusica.com\/\">Casa da M\u00fasica do Porto<\/a>, aqui ficam alguns dos destaques da programa\u00e7\u00e3o:<\/p>\n<p><span><a href=\"http:\/\/www.casadamusica.com\/CulturalAgenda\/event_detail.aspx?idShow=CE5B4B19-B182-42B2-B49E-7D4B26825ED7&amp;channelID=974A26B0-2329-4F77-AB20-F366139E22F4&amp;contentID=FD87A57C-6341-479D-8000-16C97D183171&amp;leftChannelID=974A26B0-2329-4F77-AB20-F366139E22F4\"><span style=\"font-weight: bold\">Espect\u00e1culo Multim\u00e9dia \/ Laser<\/span><\/a><br \/><\/span>Quinta | 14 Abril 2005          <br \/>20:00, Pra\u00e7a Exterior<\/p>\n<p><span><a href=\"http:\/\/www.casadamusica.com\/CulturalAgenda\/event_detail.aspx?idShow=196B1008-11B1-42DF-AEE6-C9F7125ACBE2&amp;channelID=5766770B-D507-4D00-BD21-EAE1A7457631&amp;contentID=3DA2C761-5068-4414-B947-2EE521427B49&amp;leftChannelID=5766770B-D507-4D00-BD21-EAE1A7457631\"><span style=\"font-weight: bold\">LOU REED | Cl\u00e3<\/span><\/a><br \/><\/span>Quinta | 14 Abril 2005<span style=\"font-weight: bold\">             <\/span><br \/>21:00, Sala 1<\/p>\n<p><span><a href=\"http:\/\/www.casadamusica.com\/CulturalAgenda\/event_detail.aspx?idShow=30770267-DBA4-4BE0-941C-277F27427E2A&amp;channelID=C8376E8F-0792-4F3C-8043-11CA3C8E99E9&amp;contentID=4F0FD125-3C40-446C-A12C-600354DEE34A&amp;leftChannelID=C8376E8F-0792-4F3C-8043-11CA3C8E99E9\"><span style=\"font-weight: bold\">Remix Ensemble|Orchestrutopica<\/span><\/a><br \/><\/span>Sexta | 15 Abril 2005          <br \/>19:00, Sala 2<\/p>\n<p style=\"font-weight: bold\"><span><a href=\"http:\/\/www.casadamusica.com\/CulturalAgenda\/event_detail.aspx?idShow=8AB7BCC7-E4AF-4862-AB1F-BD94A339E18B&amp;channelID=2413402C-9359-4805-BCB7-A16E1CD5A814&amp;contentID=8FEAD37E-8703-4C72-89AB-EB0CA75B6599&amp;leftChannelID=2413402C-9359-4805-BCB7-A16E1CD5A814\">Concerto de Gala | ONP<\/a><br \/><\/span><span style=\"font-weight: normal\">Sexta | 15 Abril 2005             <\/span><br \/><span style=\"font-weight: normal\">21:00, Sala 1<br \/><\/span><\/p>\n<p style=\"font-weight: bold\"><a href=\"http:\/\/www.casadamusica.com\/CulturalAgenda\/event_detail.aspx?idShow=5E38E2D3-BD48-4C85-8D07-A6ABEF0A3D0E&amp;channelID=A6C76D23-5E4D-4110-8FC2-028FD354254A&amp;contentID=3D9F160D-2710-49FF-BD70-C973F963D128&amp;leftChannelID=A6C76D23-5E4D-4110-8FC2-028FD354254A\"><span>APG|Radio 4|Labland Show|Ellen Allien<\/span><\/a><br \/><span style=\"font-weight: normal\">Sexta | 15 Abril 2005             <\/span><br \/><span style=\"font-weight: normal\">23:30, Foyers + Sala 2<br \/><\/span><\/p>\n<p style=\"font-weight: bold\"><span style=\"font-weight: normal\"><a style=\"font-weight: bold\" href=\"http:\/\/www.casadamusica.com\/CulturalAgenda\/event_detail.aspx?idShow=FE5F58D8-204B-4C86-81EC-81DAE2E3B2DF&amp;channelID=61063BD7-1C7E-4BDC-A1BD-EAFBFEF3148B&amp;contentID=13BDB26B-D68A-4044-ACF2-E300E6D11583&amp;leftChannelID=61063BD7-1C7E-4BDC-A1BD-EAFBFEF3148B\">Momo<\/a><br \/>S\u00e1bado | 16 Abril 2005             <\/span><br \/><span style=\"font-weight: normal\">15:00, Sala Ensaio A<br \/><\/span><\/p>\n<p style=\"font-weight: bold\"><a href=\"http:\/\/www.casadamusica.com\/CulturalAgenda\/event_detail.aspx?idShow=632ADC94-331D-4474-B116-00E1DEFF99DA&amp;channelID=2413402C-9359-4805-BCB7-A16E1CD5A814&amp;contentID=4F2D712C-48E8-4A9C-89B4-E2D487746858&amp;leftChannelID=2413402C-9359-4805-BCB7-A16E1CD5A814\"><span>Philharmonia Orchestra<\/span><\/a><br \/><span style=\"font-weight: normal\">S\u00e1bado | 16 Abril 2005             <\/span><br \/><span style=\"font-weight: normal\">21:00, Sala 1<br \/><\/span><\/p>\n<p style=\"font-weight: bold\"><a href=\"http:\/\/www.casadamusica.com\/CulturalAgenda\/event_detail.aspx?idShow=046869E6-9EB4-4D80-881B-8064AA5235F8&amp;channelID=8CC91654-735D-4102-BE30-90240B8D909D&amp;contentID=C228A01C-1E77-4767-A901-2C79D33FD2F3&amp;leftChannelID=8CC91654-735D-4102-BE30-90240B8D909D\"><span>XUTOS &amp; PONTAP\u00c9S | Pluto<\/span><\/a><br \/><span style=\"font-weight: normal\">S\u00e1bado | 16 Abril 2005             <\/span><br \/><span style=\"font-weight: normal\">23:30, Pra\u00e7a Exterior (Gratuito)<br \/><\/span><\/p>\n<p style=\"font-weight: bold\"><span><a href=\"http:\/\/www.casadamusica.com\/CulturalAgenda\/event_detail.aspx?idShow=63CE092E-4700-4316-9739-C527494F60F0&amp;channelID=4AB9B8B0-1E57-4DEC-962C-6574AC8A2C29&amp;contentID=C43D8D99-7C21-4630-BD2A-7149FC0F73B6&amp;leftChannelID=4AB9B8B0-1E57-4DEC-962C-6574AC8A2C29\">Mariza<\/a><br \/><\/span><span style=\"font-weight: normal\">Domingo | 17 Abril 2005             <\/span><br \/><span style=\"font-weight: normal\">22:00, Sala 1<br \/><\/span><\/p>\n<p style=\"font-weight: bold\"><span><a href=\"http:\/\/www.casadamusica.com\/CulturalAgenda\/event_detail.aspx?idShow=407798D5-2BA9-4B56-A384-F6CBE7B36A46&amp;channelID=5766770B-D507-4D00-BD21-EAE1A7457631&amp;contentID=635359AB-8EB7-4C69-9F49-3C1A147884F2&amp;leftChannelID=5766770B-D507-4D00-BD21-EAE1A7457631\">Pedro Abrunhosa &amp; Bandem\u00f3nio<\/a><br \/><\/span><span style=\"font-weight: normal\">Quarta | 20 Abril 2005             <\/span><br \/><span style=\"font-weight: normal\">22:00, Sala 1<br \/><\/span><\/p>\n<p style=\"font-weight: bold\"><span><a href=\"http:\/\/www.casadamusica.com\/CulturalAgenda\/event_detail.aspx?idShow=81543EFD-8DA5-4C60-9A2E-49621AA6CD26&amp;channelID=2413402C-9359-4805-BCB7-A16E1CD5A814&amp;contentID=9F22F79B-F2D8-4235-9F14-B9C14CC7C2F8&amp;leftChannelID=2413402C-9359-4805-BCB7-A16E1CD5A814\">Alfred Brendel<\/a><br \/><\/span><span style=\"font-weight: normal\">S\u00e1bado | 23 Abril 2005             <\/span><br \/><span style=\"font-weight: normal\">21:00, Sala 1<br \/><\/span><\/p>\n<p style=\"font-weight: bold\"><span><a href=\"http:\/\/www.casadamusica.com\/CulturalAgenda\/event_detail.aspx?idShow=8C9139F1-3BF1-4B2F-B94D-BECD8D52169B&amp;channelID=61063BD7-1C7E-4BDC-A1BD-EAFBFEF3148B&amp;contentID=82601B73-C0CD-435D-8EF9-CE254E0F9096&amp;leftChannelID=61063BD7-1C7E-4BDC-A1BD-EAFBFEF3148B\">Andakibeb\u00e9<\/a><br \/><\/span><span style=\"font-weight: normal\">Domingo | 24 Abril 2005             <\/span><br \/><span style=\"font-weight: normal\">15:30, Sala 2<br \/><\/span><\/p>\n<p style=\"font-weight: bold\"><span><a href=\"http:\/\/www.casadamusica.com\/CulturalAgenda\/event_detail.aspx?idShow=C8EAEB76-2E5B-4155-8819-32E207AED4FA&amp;channelID=5766770B-D507-4D00-BD21-EAE1A7457631&amp;contentID=08F30BED-DF14-4BB7-BBCA-D18F9A081E82&amp;leftChannelID=5766770B-D507-4D00-BD21-EAE1A7457631\">NANCY SINATRA | Richard Hawley<\/a><br \/><\/span><span style=\"font-weight: normal\">Sexta | 29 Abril 2005             <\/span><br \/><span style=\"font-weight: normal\">22:00, Sala 1<br \/><\/span><\/p>\n<p style=\"font-weight: bold\"><span><a href=\"http:\/\/www.casadamusica.com\/CulturalAgenda\/event_detail.aspx?idShow=6BF1B0DB-7585-4B45-B78F-866FAD182575&amp;channelID=A6C76D23-5E4D-4110-8FC2-028FD354254A&amp;contentID=14EEFCDC-8FC2-4A58-9E75-97285FBF3ED8&amp;leftChannelID=A6C76D23-5E4D-4110-8FC2-028FD354254A\">Afrika Bambaataa<\/a><br \/><\/span><span style=\"font-weight: normal\">Sexta | 29 Abril 2005             <\/span><br \/><span style=\"font-weight: normal\">23:00, Sala 2<br \/><\/span><\/p>\n<p style=\"font-weight: bold\"><a href=\"http:\/\/www.casadamusica.com\/CulturalAgenda\/event_detail.aspx?idShow=1A257BD1-A97C-43CC-A17F-74FF185CF7F1&amp;channelID=5766770B-D507-4D00-BD21-EAE1A7457631&amp;contentID=D1315E8C-8B02-4250-91AE-AAB54794DC1E&amp;leftChannelID=5766770B-D507-4D00-BD21-EAE1A7457631\"><span>Rep\u00f3rter Estr\u00e1bico<\/span><\/a><br \/><span style=\"font-weight: normal\">S\u00e1bado | 30 Abril 2005             <\/span><br \/><span style=\"font-weight: normal\">23:00, Sala 2<\/span><\/p>\n<\/p><\/div>","protected":false},"excerpt":{"rendered":"<p>Quatro anos depois do previsto (era a obra refer\u00eancia da Porto &#8211; Capital Europeia da Cultura 2001) e com um custo superior a cerca de seis vezes o or\u00e7amentado, vai ser inaugurada no dia 14 de Abril a Casa da M\u00fasica do Porto, aqui ficam alguns dos destaques da programa\u00e7\u00e3o: Espect\u00e1culo Multim\u00e9dia \/ LaserQuinta |<\/p>","protected":false},"author":1,"featured_media":0,"comment_status":"open","ping_status":"open","sticky":false,"template":"","format":"standard","meta":[],"categories":[1],"tags":[],"_links":{"self":[{"href":"https:\/\/www.ecletismomusical.pt\/en\/wp-json\/wp\/v2\/posts\/1040"}],"collection":[{"href":"https:\/\/www.ecletismomusical.pt\/en\/wp-json\/wp\/v2\/posts"}],"about":[{"href":"https:\/\/www.ecletismomusical.pt\/en\/wp-json\/wp\/v2\/types\/post"}],"author":[{"embeddable":true,"href":"https:\/\/www.ecletismomusical.pt\/en\/wp-json\/wp\/v2\/users\/1"}],"replies":[{"embeddable":true,"href":"https:\/\/www.ecletismomusical.pt\/en\/wp-json\/wp\/v2\/comments?post=1040"}],"version-history":[{"count":0,"href":"https:\/\/www.ecletismomusical.pt\/en\/wp-json\/wp\/v2\/posts\/1040\/revisions"}],"wp:attachment":[{"href":"https:\/\/www.ecletismomusical.pt\/en\/wp-json\/wp\/v2\/media?parent=1040"}],"wp:term":[{"taxonomy":"category","embeddable":true,"href":"https:\/\/www.ecletismomusical.pt\/en\/wp-json\/wp\/v2\/categories?post=1040"},{"taxonomy":"post_tag","embeddable":true,"href":"https:\/\/www.ecletismomusical.pt\/en\/wp-json\/wp\/v2\/tags?post=1040"}],"curies":[{"name":"wp","href":"https:\/\/api.w.org\/{rel}","templated":true}]}}