{"id":1045,"date":"2005-03-26T18:24:00","date_gmt":"2005-03-26T18:24:00","guid":{"rendered":"https:\/\/ecletismomusical.pt\/mais-um-com-selo-de-qualidade\/"},"modified":"2005-03-26T18:24:00","modified_gmt":"2005-03-26T18:24:00","slug":"mais-um-com-selo-de-qualidade","status":"publish","type":"post","link":"https:\/\/www.ecletismomusical.pt\/en\/mais-um-com-selo-de-qualidade\/","title":{"rendered":"Mais um com Selo de Qualidade"},"content":{"rendered":"<p><img style=\"width: 213px;height: 213px\" src=\"http:\/\/www.fnac.pt\/images\/catalogo\/discos\/g\/5605231012027.jpg\" \/><br \/><a href=\"http:\/\/www.valentim.pt\/default.asp?SqlPage=edicoes_content&amp;CpContentId=134754\">Sede<\/a> &#8211; Jorge Cruz<br \/><img src=\"http:\/\/images-eu.amazon.com\/images\/G\/02\/detail\/stars-4-0.gif\" \/><\/p>\n<p style=\"text-align: justify\"><span>Foi lan\u00e7ado em Outubro de 2004, um dos grandes \u00e1lbuns da m\u00fasica portuguesa. <b>\u00abSede\u00bb<\/b> \u00e9 o primeiro \u00e1lbum em nome pr\u00f3prio do m\u00fasico portugu\u00eas <b>Jorge Cruz<\/b> que, depois de ter dado voz a projectos como os <b>Superego<\/b> and <b>O Pequeno Aqu\u00edles<\/b>, inicia agora uma promissora carreira a solo.<\/span><\/p>\n<p>     <\/p>\n<p style=\"text-align: justify\"><b><span>\u00abSede\u00bb<\/span><\/b><span> \u00e9 um excelente \u00e1lbum, assente na dicotomia voz\/guitarra ac\u00fastica, composto por nove excelentes composi\u00e7\u00f5es, onde a capacidade de <b>Jorge Cruz<\/b> de criar momentos de enorme simplicidade, mas simultaneamente de grande emotividade e honestidade, est\u00e1 sobejamente demonstrada. A qualidade da escrita de <b>Jorge Cruz<\/b> \u00e9 invulgar e transforma-o desde j\u00e1 num dos melhores <i>songwriters <\/i>do panorama musical portugu\u00eas.<\/p>\n<p>Existe, no entanto, uma quest\u00e3o que deve merecer reflex\u00e3o e que se prende com a pol\u00edtica de divulga\u00e7\u00e3o dos novos valores da m\u00fasica portuguesa. N\u00e3o se percebe como \u00e9 que \u00e9 poss\u00edvel que um \u00e1lbum composto por (apenas) nove temas custe cerca de <span style=\"font-weight: bold\">15\u20ac<\/span>. Com esta pol\u00edtica de pre\u00e7os imposta pela ind\u00fastria musical, tornar-se-\u00e1 cada vez mais dif\u00edcil que os m\u00fasicos portugueses de qualidade cheguem aos ouvidos dos portugueses. Isto justamente num pa\u00eds onde as r\u00e1dios, dependentes de <i>playlists<\/i> pr\u00e9-fabricadas por interesses econ\u00f3micos de car\u00e1cter global, se limitam a passar meia d\u00fazia de can\u00e7\u00f5es portuguesas.<\/span><\/p>\n<p style=\"text-align: justify\"><span>Mais uma vez, basta chegar a Badajoz ou Ayamonte para perceber como a configura\u00e7\u00e3o do mercado espanhol de m\u00fasica est\u00e1 organizado na defesa dos interesses nacionais, sendo a r\u00e1dio e televis\u00e3o os grandes ve\u00edculos de propaga\u00e7\u00e3o dos projectos dos m\u00fasicos espanh\u00f3is. Bem se sabendo que a realidade ter\u00e1 que ser for\u00e7osamente diferente da portuguesa, sobretudo devido h\u00e1 enorme capacidade do mercado espanhol, atendendo especialmente a que o n\u00famero de potenciais consumidores \u00e9 naturalmente muito superior, importar\u00e1 mesmo assim alterar as pol\u00edticas de promo\u00e7\u00e3o de novos valores portugueses, cabendo aos pr\u00f3prios m\u00fasicos uma grande cota parte de responsabilidade.<br \/><\/span><\/p>\n<p style=\"text-align: justify\">Por exemplo, este \u00e1lbum de <span style=\"font-weight: bold\">Jorge Cruz<\/span> se fosse distribu\u00eddo por venda directa num esquema semelhante ao utilizado pelo <a href=\"http:\/\/www.apple.com\/itunes\/\">iTunes<\/a>, custaria ao consumidor final cerca de $8,91 ($0,99 por cada tema), isto \u00e9 cerca de <span style=\"font-weight: bold\">6,88\u20ac<\/span>. Sendo que, no caso de se optar por comprar os \u00e1lbuns inteiros, e n\u00e3o faixa a faixa, o pre\u00e7o m\u00e1ximo de qualquer \u00e1lbum desce para $9,99, ou seja cerca de <span style=\"font-weight: bold\">7,71\u20ac<\/span>!<br \/><span><\/span><\/p>\n<p>  <span style=\"font-weight: bold\">Alinhamento:<\/p>\n<p><\/span>1 &#8211; Balada da Sede<br \/>2 &#8211; Lua no Meio<br \/>3 &#8211; Adriana<br \/>4 &#8211; Fado de Uma Rua Qualquer<br \/>5 &#8211; Perdas e Danos<br \/>6 &#8211; Setembro,18<br \/>7 &#8211; Can\u00e7\u00e3o da Tua Rua<br \/>8 &#8211; Brincar Com o Fogo<br \/>9 &#8211; Roupas (parte 2)<\/p>","protected":false},"excerpt":{"rendered":"<p>Sede &#8211; Jorge Cruz Foi lan\u00e7ado em Outubro de 2004, um dos grandes \u00e1lbuns da m\u00fasica portuguesa. \u00abSede\u00bb \u00e9 o primeiro \u00e1lbum em nome pr\u00f3prio do m\u00fasico portugu\u00eas Jorge Cruz que, depois de ter dado voz a projectos como os Superego e O Pequeno Aqu\u00edles, inicia agora uma promissora carreira a solo. \u00abSede\u00bb \u00e9 um<\/p>","protected":false},"author":1,"featured_media":0,"comment_status":"open","ping_status":"open","sticky":false,"template":"","format":"standard","meta":[],"categories":[1],"tags":[],"_links":{"self":[{"href":"https:\/\/www.ecletismomusical.pt\/en\/wp-json\/wp\/v2\/posts\/1045"}],"collection":[{"href":"https:\/\/www.ecletismomusical.pt\/en\/wp-json\/wp\/v2\/posts"}],"about":[{"href":"https:\/\/www.ecletismomusical.pt\/en\/wp-json\/wp\/v2\/types\/post"}],"author":[{"embeddable":true,"href":"https:\/\/www.ecletismomusical.pt\/en\/wp-json\/wp\/v2\/users\/1"}],"replies":[{"embeddable":true,"href":"https:\/\/www.ecletismomusical.pt\/en\/wp-json\/wp\/v2\/comments?post=1045"}],"version-history":[{"count":0,"href":"https:\/\/www.ecletismomusical.pt\/en\/wp-json\/wp\/v2\/posts\/1045\/revisions"}],"wp:attachment":[{"href":"https:\/\/www.ecletismomusical.pt\/en\/wp-json\/wp\/v2\/media?parent=1045"}],"wp:term":[{"taxonomy":"category","embeddable":true,"href":"https:\/\/www.ecletismomusical.pt\/en\/wp-json\/wp\/v2\/categories?post=1045"},{"taxonomy":"post_tag","embeddable":true,"href":"https:\/\/www.ecletismomusical.pt\/en\/wp-json\/wp\/v2\/tags?post=1045"}],"curies":[{"name":"wp","href":"https:\/\/api.w.org\/{rel}","templated":true}]}}