{"id":1046,"date":"2005-03-23T19:49:00","date_gmt":"2005-03-23T19:49:00","guid":{"rendered":"https:\/\/ecletismomusical.pt\/agenda-abril-maio-2005\/"},"modified":"2005-03-23T19:49:00","modified_gmt":"2005-03-23T19:49:00","slug":"agenda-abril-maio-2005","status":"publish","type":"post","link":"https:\/\/www.ecletismomusical.pt\/en\/agenda-abril-maio-2005\/","title":{"rendered":"Agenda &#8211; Abril\/Maio 2005"},"content":{"rendered":"<p><img style=\"width: 191px;height: 214px\" src=\"http:\/\/www.bbc.co.uk\/nottingham\/music\/2004\/07\/images\/feist_180.jpg\" \/><span style=\"font-size:85%\">Feist<\/span><\/p>\n<p><span><span style=\"font-weight: bold\">Mark Knopfler<\/span> &#8211; <span>1 de Abril<\/span> no <a href=\"http:\/\/www.pavilhaoatlantico.pt\/site\/pavatl_agenda_01.asp?eventoid=1729\">Pavilh\u00e3o Atl\u00e2ntico<\/a><br \/><\/span><span><span style=\"font-weight: bold\">Logh<\/span> &#8211; <span>8 de Abril<\/span> no <a href=\"http:\/\/www.santiagoalquimista.com\/\">Santiago Alquimista<\/a><br \/><span style=\"font-weight: bold\">Radio Macau<\/span> &#8211; <span>9 de Abril<\/span> no <a href=\"http:\/\/www.egeac.pt\/forumlisboa\/\">F\u00f3rum Lisboa<\/a><br \/><\/span><span><span style=\"font-weight: bold\">Tuxedemoon<\/span> &#8211; <span>13 de Abril<\/span> no <a href=\"http:\/\/www.egeac.pt\/forumlisboa\/\">F\u00f3rum Lisboa<\/a><\/span><br \/><span><span style=\"font-weight: bold\">Radio 4<\/span> &#8211; <span>14 de Abril<\/span> no <a href=\"http:\/\/www.luxfragil.com\/index.php?l=pt\">Lux<\/a><br \/><\/span><span style=\"font-weight: bold\">Lou Reed + Cl\u00e3<\/span> &#8211; <span>14 de Abril<\/span> na <a href=\"http:\/\/www.casadamusica.com\/CulturalAgenda\/event_detail.aspx?id=A9D4DB8D-A6AD-488C-B5FB-FBF35B8ADEC1&amp;idShow=196B1008-11B1-42DF-AEE6-C9F7125ACBE2&amp;channelID=5766770B-D507-4D00-BD21-EAE1A7457631&amp;contentID=3DA2C761-5068-4414-B947-2EE521427B49&amp;leftChannelID=5766770B-D507-4D00-BD21-EAE1A7457631\">Casa da M\u00fasica do Porto<\/a><br \/><span style=\"font-weight: bold\">Katia Guerreiro<\/span> &#8211; <span>15 de Abril <span>no Audit\u00f3rio Eunice Mu\u00f1oz em Oeiras<\/span><\/span><br \/><span><span style=\"font-weight: bold\">Joanna Newsom<\/span> &#8211; <span>21 de Abril<\/span> no <a href=\"http:\/\/www.luxfragil.com\/index.php?l=pt\">Lux<\/a><br \/><span style=\"font-weight: bold\">Mariza<\/span> &#8211; <span>22 de Abril<\/span> no Centro Cultural Olga Cadaval em Sintra<br \/><\/span><span><span style=\"font-weight: bold\">Festa da M\u00fasica<\/span> &#8211;<\/span><span> <span>22,23 e 24 de Abril<\/span> no <a href=\"http:\/\/www.ccb.pt\/ccb\/cgi-bin\/ccbnav.php?CurCatId=7&amp;CurTemId=4&amp;CurEveId=1668\">CCB<\/a><\/span><br \/><span><span style=\"font-weight: bold\">Rufus Wainwright<\/span> &#8211; <span>24 de Abril<\/span> no <a href=\"http:\/\/www.coliseulisboa.com\/evento.php?id=139\">Coliseu dos Recreios<\/a><br \/><\/span><span><span style=\"font-weight: bold\">Mamma Mia!<\/span> &#8211; <span>26 de Abril a 2 de Maio<\/span> no <a href=\"http:\/\/www.pavilhaoatlantico.pt\/site\/pavatl_agenda_01.asp?eventoid=1727\">Pavilh\u00e3o Atl\u00e2ntico<\/a><br \/><\/span><span style=\"font-weight: bold\">Nancy Sinatra<\/span> &#8211; <span>29 de Abril<\/span> na <a href=\"http:\/\/www.casadamusica.com\/CulturalAgenda\/event_detail.aspx?id=A9D4DB8D-A6AD-488C-B5FB-FBF35B8ADEC1&amp;idShow=C8EAEB76-2E5B-4155-8819-32E207AED4FA&amp;channelID=5766770B-D507-4D00-BD21-EAE1A7457631&amp;contentID=08F30BED-DF14-4BB7-BBCA-D18F9A081E82&amp;leftChannelID=5766770B-D507-4D00-BD21-EAE1A7457631\">Casa da M\u00fasica do Porto<\/a><br \/><span><span style=\"font-weight: bold\">Jorge Palma<\/span> &#8211; <span>3,5 e 6 de Maio<\/span> no <a href=\"http:\/\/www.ccb.pt\/ccb\/\">CCB<\/a><\/span><br \/><span><span style=\"font-weight: bold\">Georgian Legend<\/span> &#8211; <span>4 a 8 de Maio<\/span> no <a href=\"http:\/\/www.coliseulisboa.com\/evento.php?id=116\">Coliseu dos Recreios<\/a><br \/><span style=\"font-weight: bold\">Donna Maria<\/span> &#8211; <span>5 d<\/span><\/span><span><span>e Maio<\/span> no <a href=\"http:\/\/www.santiagoalquimista.com\/\">Santiago Alquimista<\/a><br \/><\/span><span><span style=\"font-weight: bold\">Feist<\/span> &#8211; <span>9 de Maio<\/span> no <a href=\"http:\/\/www.egeac.pt\/forumlisboa\/\">F\u00f3rum Lisboa<\/a> (destaque)             <br \/><span style=\"font-weight: bold\">A Naifa<\/span> &#8211; <span>14 e 15 de Maio<\/span> no <a href=\"http:\/\/www.ccb.pt\/ccb\/cgi-bin\/ccbnav.php?CurCatId=7&amp;CurTemId=4&amp;CurEveId=1679\">CCB<\/a><br \/><\/span><span><span style=\"font-weight: bold\">Nitin Sawhney<\/span> &#8211; <span>20 de Maio<\/span> no <a href=\"http:\/\/www.coliseulisboa.com\/evento.php?id=131\">Coliseu dos Recreios<\/a><\/span><br \/><span><span style=\"font-weight: bold\">Jack Johnson<\/span> &#8211; <span>21 de Maio<\/span> no <a href=\"http:\/\/www.coliseulisboa.com\/evento.php?id=132\">Coliseu dos Recreios<\/a><br \/><span style=\"font-weight: bold\">Quinteto Tati<\/span> &#8211; <span>25 de Maio<\/span> no <a href=\"http:\/\/www.egeac.pt\/forumlisboa\/\">F\u00f3rum Lisboa<\/a><br \/><span style=\"font-weight: bold\">Fausto<\/span> &#8211; <span>27 de Maio<\/span> no <a href=\"http:\/\/www.ccb.pt\/\">CCB<\/a><br \/><span style=\"font-weight: bold\">11\u00ba Super Bock Super Rock<\/span> &#8211; <span>27,28 e 29 de Maio <span>no <a href=\"http:\/\/www.musicanocoracao.pt\/festivais\/fest_superbock.html\">Parque Tejo<\/a><\/span><\/span><br \/><span style=\"font-weight: bold\">Jacinta<\/span> &#8211; <span>28 de Maio<\/span> no <a href=\"http:\/\/www.egeac.pt\/forumlisboa\/\">F\u00f3rum Lisboa<\/a><br \/><\/span><span><span style=\"font-weight: bold\">Spirit of the Dance<\/span> &#8211; <span>29 de Maio<\/span> no <a href=\"http:\/\/www.coliseulisboa.com\/evento.php?id=135\">Coliseu dos Recreios<\/a><br \/><span style=\"font-weight: bold\">Antony And The Johnsons<\/span> &#8211; <span>31 de Maio<\/span> na Aula Magna<\/span><span><b><\/b><\/span><\/span><\/span><\/span><\/span><\/span><\/span><\/span><\/span><\/span><\/span><\/span><\/p>","protected":false},"excerpt":{"rendered":"<p>Feist Mark Knopfler &#8211; 1 de Abril no Pavilh\u00e3o Atl\u00e2nticoLogh &#8211; 8 de Abril no Santiago AlquimistaRadio Macau &#8211; 9 de Abril no F\u00f3rum LisboaTuxedemoon &#8211; 13 de Abril no F\u00f3rum LisboaRadio 4 &#8211; 14 de Abril no LuxLou Reed + Cl\u00e3 &#8211; 14 de Abril na Casa da M\u00fasica do PortoKatia Guerreiro &#8211; 15<\/p>","protected":false},"author":1,"featured_media":0,"comment_status":"open","ping_status":"open","sticky":false,"template":"","format":"standard","meta":[],"categories":[1],"tags":[],"_links":{"self":[{"href":"https:\/\/www.ecletismomusical.pt\/en\/wp-json\/wp\/v2\/posts\/1046"}],"collection":[{"href":"https:\/\/www.ecletismomusical.pt\/en\/wp-json\/wp\/v2\/posts"}],"about":[{"href":"https:\/\/www.ecletismomusical.pt\/en\/wp-json\/wp\/v2\/types\/post"}],"author":[{"embeddable":true,"href":"https:\/\/www.ecletismomusical.pt\/en\/wp-json\/wp\/v2\/users\/1"}],"replies":[{"embeddable":true,"href":"https:\/\/www.ecletismomusical.pt\/en\/wp-json\/wp\/v2\/comments?post=1046"}],"version-history":[{"count":0,"href":"https:\/\/www.ecletismomusical.pt\/en\/wp-json\/wp\/v2\/posts\/1046\/revisions"}],"wp:attachment":[{"href":"https:\/\/www.ecletismomusical.pt\/en\/wp-json\/wp\/v2\/media?parent=1046"}],"wp:term":[{"taxonomy":"category","embeddable":true,"href":"https:\/\/www.ecletismomusical.pt\/en\/wp-json\/wp\/v2\/categories?post=1046"},{"taxonomy":"post_tag","embeddable":true,"href":"https:\/\/www.ecletismomusical.pt\/en\/wp-json\/wp\/v2\/tags?post=1046"}],"curies":[{"name":"wp","href":"https:\/\/api.w.org\/{rel}","templated":true}]}}