{"id":1053,"date":"2005-03-10T12:57:00","date_gmt":"2005-03-10T12:57:00","guid":{"rendered":"https:\/\/ecletismomusical.pt\/a-falua-tera-alcancado-o-seu-destino-final\/"},"modified":"2005-03-10T12:57:00","modified_gmt":"2005-03-10T12:57:00","slug":"a-falua-tera-alcancado-o-seu-destino-final","status":"publish","type":"post","link":"https:\/\/www.ecletismomusical.pt\/en\/a-falua-tera-alcancado-o-seu-destino-final\/","title":{"rendered":"A Falua ter\u00e1 alcan\u00e7ado o seu destino final?"},"content":{"rendered":"<p><a href=\"http:\/\/www.imageshack.us\/\"><img style=\"width: 272px;height: 272px\" src=\"http:\/\/img105.exs.cx\/img105\/9215\/normalmadredeusfaluasdotejofro.jpg\" alt=\"Image Hosted by ImageShack.us\" \/><\/a><\/p>\n<p><a href=\"http:\/\/www.madredeus.net\/\"><span style=\"font-weight: bold\">Faluas do Tejo<\/span><\/a> &#8211; Madredeus<br \/><img src=\"http:\/\/images-eu.amazon.com\/images\/G\/02\/detail\/stars-4-0.gif\" \/><\/p>\n<div style=\"text-align: justify\">Os <span style=\"font-weight: bold\">Madredeus<\/span>, como grupo portugu\u00eas de maior destaque no panorama internacional, t\u00eam ao longo da sua carreira, j\u00e1 com 15 anos, habituado o p\u00fablico a \u00e1lbuns a ro\u00e7ar a perfei\u00e7\u00e3o, onde a escolha dos arranjos, dos poemas e das interpreta\u00e7\u00f5es \u00e9 escolhida com grande rigor e profissionalismo, n\u00e3o deixando azo a imperfei\u00e7\u00f5es ou descuidos interpretativos.<\/p>\n<p>Ora este novo \u00e1lbum  <span style=\"font-weight: bold\">\u00abFaluas do Tejo\u00bb<\/span> \u00e9 mais um digno representante do que anteriormente se referiu. \u00c9 um disco com o carimbo &#8220;Madredeus&#8221; onde, mais uma vez, a excel\u00eancia dos m\u00fasicos e a beleza da voz de Teresa Salgueiro est\u00e3o presentes, alcan\u00e7ando da mesma forma profissional e segura, desenvolvida ao longo dos anos, um resultado muito consistente e musicalmente muito conseguido.<\/p>\n<p>Este trabalho, apesar de s\u00f3 agora ser publicado, foi gravado no ano passado, aquando das sess\u00f5es de grava\u00e7\u00e3o do \u00e1lbum <span style=\"font-weight: bold\">\u00abUm Amor Infinito\u00bb<\/span>, mantendo com este uma perigosa semelhan\u00e7a, denunciadora de uma estrat\u00e9gia de mercado que ter\u00e1 levado os Madredeus a optar por dividir em duas edi\u00e7\u00f5es, dois \u00e1lbuns que poderiam muito bem fazer parte de um \u00e1lbum duplo.<\/p>\n<p>Diga-se no entanto que, para aqueles que ainda esperavam inova\u00e7\u00f5es ou altera\u00e7\u00f5es radicais na composi\u00e7\u00e3o e interpreta\u00e7\u00e3o dos temas, este disco ser\u00e1 certamente uma grande desilus\u00e3o. Os <span style=\"font-weight: bold\">Madredeus<\/span> desde alguns anos, exceptuando o que foi feito (por outros) no \u00e1lbum electronico, criaram um formato fixo e bem determinado que n\u00e3o admite deambula\u00e7\u00f5es. Provavelmente o estatuto alcan\u00e7ado levou a um decr\u00e9scimo na liberdade criativa dos m\u00fasicos, presos a um modelo de sucesso admirado por milh\u00f5es de ouvintes e espectadores em todo o mundo.<\/p>\n<p>Provavelmente as <span style=\"font-weight: bold\">Faluas<\/span> ter\u00e3o chegado ao seu destino final, depois de percorrerem o mundo por diversas vezes, tendo chegado a hora de iniciar novas viagens, explorando novos caminhos capazes de trazer mais que o (apenas) brilhantismo repetido. Ser\u00e1 caso para dizer que, algumas vezes, o brilhantismo e a perfei\u00e7\u00e3o limpinha podem cansar, n\u00e3o deixando apesar disso de ser, naturalmente, algo a ouvir cuidada e atentamente.<\/p>\n<p><span style=\"font-weight: bold\">Alinhamento:<\/span><\/p>\n<p><span><span style=\"font-weight: bold\">01 &#8211; Lisboa rainha do mar<\/span><br \/>02 &#8211; Fado das duvidas<br \/><span style=\"font-weight: bold\">03 &#8211; Adoro Lisboa<\/span><br \/>04 &#8211; Nevoas da madrugada<br \/><span style=\"font-weight: bold\">05 &#8211; Faluas do Tejo<\/span><br \/>06 &#8211; No meu jardim (sementes a terra)<br \/>07 &#8211; O cais distante<br \/><span style=\"font-weight: bold\">08 &#8211; Na estrada de Santiago<\/span><br \/>09 &#8211; La de fora<br \/><span style=\"font-weight: bold\">10 &#8211; O canto da saudade (pam) <\/span>                         <\/span><\/p>\n<p>(em <span style=\"font-weight: bold\">bold<\/span> os pricipais destaques)<\/p>\n<p>Letras e excertos em -&gt; <a href=\"http:\/\/www.madredeus.net\/\">Madredeus.net<br \/><span style=\"font-family:Verdana\"><\/span><\/a><\/div>","protected":false},"excerpt":{"rendered":"<p>Faluas do Tejo &#8211; Madredeus Os Madredeus, como grupo portugu\u00eas de maior destaque no panorama internacional, t\u00eam ao longo da sua carreira, j\u00e1 com 15 anos, habituado o p\u00fablico a \u00e1lbuns a ro\u00e7ar a perfei\u00e7\u00e3o, onde a escolha dos arranjos, dos poemas e das interpreta\u00e7\u00f5es \u00e9 escolhida com grande rigor e profissionalismo, n\u00e3o deixando azo<\/p>","protected":false},"author":1,"featured_media":0,"comment_status":"open","ping_status":"open","sticky":false,"template":"","format":"standard","meta":[],"categories":[1],"tags":[],"_links":{"self":[{"href":"https:\/\/www.ecletismomusical.pt\/en\/wp-json\/wp\/v2\/posts\/1053"}],"collection":[{"href":"https:\/\/www.ecletismomusical.pt\/en\/wp-json\/wp\/v2\/posts"}],"about":[{"href":"https:\/\/www.ecletismomusical.pt\/en\/wp-json\/wp\/v2\/types\/post"}],"author":[{"embeddable":true,"href":"https:\/\/www.ecletismomusical.pt\/en\/wp-json\/wp\/v2\/users\/1"}],"replies":[{"embeddable":true,"href":"https:\/\/www.ecletismomusical.pt\/en\/wp-json\/wp\/v2\/comments?post=1053"}],"version-history":[{"count":0,"href":"https:\/\/www.ecletismomusical.pt\/en\/wp-json\/wp\/v2\/posts\/1053\/revisions"}],"wp:attachment":[{"href":"https:\/\/www.ecletismomusical.pt\/en\/wp-json\/wp\/v2\/media?parent=1053"}],"wp:term":[{"taxonomy":"category","embeddable":true,"href":"https:\/\/www.ecletismomusical.pt\/en\/wp-json\/wp\/v2\/categories?post=1053"},{"taxonomy":"post_tag","embeddable":true,"href":"https:\/\/www.ecletismomusical.pt\/en\/wp-json\/wp\/v2\/tags?post=1053"}],"curies":[{"name":"wp","href":"https:\/\/api.w.org\/{rel}","templated":true}]}}