{"id":1055,"date":"2005-03-04T18:09:00","date_gmt":"2005-03-04T18:09:00","guid":{"rendered":"https:\/\/ecletismomusical.pt\/intima-fraccao-you-only-live-twice\/"},"modified":"2005-03-04T18:09:00","modified_gmt":"2005-03-04T18:09:00","slug":"intima-fraccao-you-only-live-twice","status":"publish","type":"post","link":"https:\/\/www.ecletismomusical.pt\/en\/intima-fraccao-you-only-live-twice\/","title":{"rendered":"\u00cdntima Frac\u00e7\u00e3o &#8211; \u00abYou Only Live Twice\u00bb"},"content":{"rendered":"<p><img style=\"width: 324px;height: 125px\" src=\"http:\/\/www.esec.pt\/radio\/programas\/intimafraccao\/if_files\/ifraccao.gif\" \/><\/p>\n<div style=\"text-align: justify\">\n<p><span>Como j\u00e1 anteriormente <a href=\"http:\/\/eclectismomusical.blogspot.com\/2004\/09\/pouco-para-dizer-muito-para-escutar.html\">aqui<\/a> no <b>EM <\/b>se referiu<b>, <\/b>o programa <\/span><a href=\"http:\/\/intima.blogspot.com\/\"><b><span>\u00cdntima Frac\u00e7\u00e3o<\/span><\/b><\/a><span> de <b>Francisco Amaral<\/b> esteve no ar mais de vinte anos, altura em que os efeitos nefastos do capitalismo selvagem e consequentemente das <i>playlists,<\/i> empurraram Francisco para fora da r\u00e1dio nacional (tsf), num movimento de erradica\u00e7\u00e3o dos bons programas de autor ainda existentes na r\u00e1dio portuguesa.<\/p>\n<p>Mas Francisco Amaral, apoiado pelos seus fi\u00e9is admiradores n\u00e3o desistiu de continuar a manter a IF no ar, e ap\u00f3s um per\u00edodo de paragem, passou a utilizar a internet para manter a IF viva.<\/p>\n<p>Teve desde o primeiro momento a colabora\u00e7\u00e3o da <a href=\"http:\/\/www.esec.pt\/radio\/\">ESEC<\/a> R\u00e1dio que permitiu colocar online, <\/span><a href=\"http:\/\/www.esec.pt\/radio\/programas\/intimafraccao\/if.html\"><span>dispon\u00edvel para download<\/span><\/a><span>, as emiss\u00f5es semanais. Tendo regressado recentemente ao \u00e9ter, pela m\u00e3o da <\/span><a href=\"http:\/\/www.ruc.pt\/programacao.php\"><span>RUC<\/span><\/a><span> &#8211; R\u00e1dio Universidade de Coimbra (domingos das 0h \u00e0 1h).<\/p>\n<p>No \u00faltimo domingo n\u00e3o houve IF na RUC, uma vez que esta fez um especial relativo a Cerim\u00f3nia de entrega dos Oscares. Para compensar, Francisco apresenta para <\/span><a href=\"http:\/\/www.esec.pt\/radio\/programas\/intimafraccao\/if_audio\/if280205.mp3\"><span>download<\/span><\/a><span> uma edi\u00e7\u00e3o especial da IF, toda feita em torno do tema do filme <b>\u00abYou Only Live Twice\u00bb<\/b>.<span style=\"font-weight: bold\"><br \/><\/span><\/span><span style=\"font-family:Verdana,Arial,Helvetica,sans-serif;font-size:85%\"><strong><\/strong><\/span><\/p>\n<\/p><\/div>\n<p><img src=\"http:\/\/www.movieboulevard.co.uk\/Composers\/Barry,%20John\/You%20Only%20Live%20Twice%20CD%20Front.jpg\" \/><\/p>\n<p>A n\u00e3o perder!<\/p>","protected":false},"excerpt":{"rendered":"<p>Como j\u00e1 anteriormente aqui no EM se referiu, o programa \u00cdntima Frac\u00e7\u00e3o de Francisco Amaral esteve no ar mais de vinte anos, altura em que os efeitos nefastos do capitalismo selvagem e consequentemente das playlists, empurraram Francisco para fora da r\u00e1dio nacional (tsf), num movimento de erradica\u00e7\u00e3o dos bons programas de autor ainda existentes na<\/p>","protected":false},"author":1,"featured_media":0,"comment_status":"open","ping_status":"open","sticky":false,"template":"","format":"standard","meta":[],"categories":[1],"tags":[],"_links":{"self":[{"href":"https:\/\/www.ecletismomusical.pt\/en\/wp-json\/wp\/v2\/posts\/1055"}],"collection":[{"href":"https:\/\/www.ecletismomusical.pt\/en\/wp-json\/wp\/v2\/posts"}],"about":[{"href":"https:\/\/www.ecletismomusical.pt\/en\/wp-json\/wp\/v2\/types\/post"}],"author":[{"embeddable":true,"href":"https:\/\/www.ecletismomusical.pt\/en\/wp-json\/wp\/v2\/users\/1"}],"replies":[{"embeddable":true,"href":"https:\/\/www.ecletismomusical.pt\/en\/wp-json\/wp\/v2\/comments?post=1055"}],"version-history":[{"count":0,"href":"https:\/\/www.ecletismomusical.pt\/en\/wp-json\/wp\/v2\/posts\/1055\/revisions"}],"wp:attachment":[{"href":"https:\/\/www.ecletismomusical.pt\/en\/wp-json\/wp\/v2\/media?parent=1055"}],"wp:term":[{"taxonomy":"category","embeddable":true,"href":"https:\/\/www.ecletismomusical.pt\/en\/wp-json\/wp\/v2\/categories?post=1055"},{"taxonomy":"post_tag","embeddable":true,"href":"https:\/\/www.ecletismomusical.pt\/en\/wp-json\/wp\/v2\/tags?post=1055"}],"curies":[{"name":"wp","href":"https:\/\/api.w.org\/{rel}","templated":true}]}}