{"id":1060,"date":"2005-02-19T14:14:00","date_gmt":"2005-02-19T14:14:00","guid":{"rendered":"https:\/\/ecletismomusical.pt\/ainda-bem-que\/"},"modified":"2005-02-19T14:14:00","modified_gmt":"2005-02-19T14:14:00","slug":"ainda-bem-que","status":"publish","type":"post","link":"https:\/\/www.ecletismomusical.pt\/en\/ainda-bem-que\/","title":{"rendered":"Ainda bem que&#8230;"},"content":{"rendered":"<p><a href=\"http:\/\/www.imageshack.us\/\"><img style=\"width: 272px;height: 272px\" src=\"http:\/\/img119.exs.cx\/img119\/7190\/normalanamouraaconteceufront02.jpg\" alt=\"Image Hosted by ImageShack.us\" \/><\/a><\/p>\n<p><a href=\"http:\/\/www.universalmusic.pt\/artistas\/index.asp?album=416\">Aconteceu<\/a> &#8211; Ana Moura<br \/><img src=\"http:\/\/images-eu.amazon.com\/images\/G\/02\/detail\/stars-4-5.gif\" \/><\/p>\n<div style=\"text-align: justify\">Mais uma excelente prova de que o Fado est\u00e1 vivo e bem vivo tem sido a carreira de <span style=\"font-weight: bold\">Ana Moura<\/span>. Esta jovem fadista, seguindo os caminhos percorridos por nomes como <span style=\"font-weight: bold\">Cristina Branco<\/span> and <span style=\"font-weight: bold\">Katia Guerreiro<\/span>, tem desde que lan\u00e7ou em 2003 o seu primeiro \u00e1lbum &#8211; <span style=\"font-weight: bold\">\u00abGuarda-me a Vida na M\u00e3o\u00bb<\/span> recebido rasgados elogios da cr\u00edtica portuguesa e, especialmente, da cr\u00edtica internacional.<\/p>\n<div style=\"text-align: justify\">O seu 2\u00ba \u00e1lbum &#8211; <span style=\"font-weight: bold\">\u00abAconteceu\u00bb,<\/span> tem vindo a ser recebido com redobrado entusiasmo especialmente na Europa (Holanda, It\u00e1lia e Fran\u00e7a), mas tamb\u00e9m nos EUA com, inclusivamente, concerto marcado para o reputado <a style=\"font-weight: bold\" href=\"http:\/\/www.carnegiehall.org\/article\/box_office\/events\/evt_5430.html?selecteddate=03122005\">Carnegie Hall<\/a><span style=\"font-weight: bold\"> de New York<\/span> no dia 12 de Mar\u00e7o de 2005.<\/div>\n<\/p><\/div>\n<div style=\"text-align: justify\">Certamente que ter\u00e1 nesse dia ocasi\u00e3o de mostrar ao vivo este seu novo trabalho, que \u00e9 um \u00e1lbum duplo. Num trabalho muito pessoal e com um t\u00edtulo que pretende conceitualizar a vis\u00e3o de <span style=\"font-weight: bold\">Ana Moura<\/span> sobre a sua descoberta do Fado e a r\u00e1pida e fulgurante evolu\u00e7\u00e3o da sua carreira, a Fadista optou por criar dois \u00e1lbuns distintos.<\/p>\n<p>Enquanto que no primeiro dos \u00e1lbuns &#8211; <span style=\"font-weight: bold\">\u00ab\u00c0 Porta do Fado\u00bb<\/span>, Ana Moura interpreta com mestria Fados Cl\u00e1ssicos. No segundo &#8211; <span style=\"font-weight: bold\">\u00abDentro de Casa\u00bb<\/span> \u00e9 o Fado Tradicional que toma lugar. Num trabalho muito marcado pela produ\u00e7\u00e3o de <span style=\"font-weight: bold\">Jorge Fernando<\/span>, h\u00e1 ainda colabora\u00e7\u00f5es interessantes e inesperadas como \u00e9 o caso de <span style=\"font-weight: bold\">Tiago Bettencourt dos Toranja, Jo\u00e3o Pedro Pais, Miguel Guedes dos Blind Zero<\/span> tendo todos eles escrito letras para este trabalho de Fado.<\/p>\n<p>Alinhamento:<\/p>\n<p><span style=\"font-weight: bold\">CD1 &#8211; \u00c0 PORTA DO FADO<\/span><\/p>\n<p>01  Por Um Dia<br \/>02  Ao Poeta Perguntei<br \/>03  O Que Foi Que Aconteceu<br \/>04  Ouvi Dizer Que Me Esqueceste<br \/>05  Fado De Pessoa<br \/>06  Amor De Uma Noite<br \/>07  Eu Quero<br \/>08  Bailinho \u00c0 Portuguesa<br \/>09  Creio<br \/>10  Atrav\u00e9s Do Meu Cora\u00e7\u00e3o<\/p>\n<p><span style=\"font-weight: bold\">   CD2 &#8211; DENTRO DE CASA<\/p>\n<p><\/span>01  Como O Tempo Corre<br \/>02  Hoje Tudo Me Entristece<br \/>03  Passos Na Rua<br \/>04  Mouraria<br \/>05  Fado Menor<br \/>06  Dentro Da Tempestade<br \/>07  Cumplicidade<br \/>08  \u00d3 Meu Amigo Jo\u00e3o<br \/>09  Venho Falar Dos Meus Medos<br \/>10  Nada Que Devas Saber<\/div>","protected":false},"excerpt":{"rendered":"<p>Aconteceu &#8211; Ana Moura Mais uma excelente prova de que o Fado est\u00e1 vivo e bem vivo tem sido a carreira de Ana Moura. Esta jovem fadista, seguindo os caminhos percorridos por nomes como Cristina Branco e Katia Guerreiro, tem desde que lan\u00e7ou em 2003 o seu primeiro \u00e1lbum &#8211; \u00abGuarda-me a Vida na M\u00e3o\u00bb<\/p>","protected":false},"author":1,"featured_media":0,"comment_status":"open","ping_status":"open","sticky":false,"template":"","format":"standard","meta":[],"categories":[1],"tags":[],"_links":{"self":[{"href":"https:\/\/www.ecletismomusical.pt\/en\/wp-json\/wp\/v2\/posts\/1060"}],"collection":[{"href":"https:\/\/www.ecletismomusical.pt\/en\/wp-json\/wp\/v2\/posts"}],"about":[{"href":"https:\/\/www.ecletismomusical.pt\/en\/wp-json\/wp\/v2\/types\/post"}],"author":[{"embeddable":true,"href":"https:\/\/www.ecletismomusical.pt\/en\/wp-json\/wp\/v2\/users\/1"}],"replies":[{"embeddable":true,"href":"https:\/\/www.ecletismomusical.pt\/en\/wp-json\/wp\/v2\/comments?post=1060"}],"version-history":[{"count":0,"href":"https:\/\/www.ecletismomusical.pt\/en\/wp-json\/wp\/v2\/posts\/1060\/revisions"}],"wp:attachment":[{"href":"https:\/\/www.ecletismomusical.pt\/en\/wp-json\/wp\/v2\/media?parent=1060"}],"wp:term":[{"taxonomy":"category","embeddable":true,"href":"https:\/\/www.ecletismomusical.pt\/en\/wp-json\/wp\/v2\/categories?post=1060"},{"taxonomy":"post_tag","embeddable":true,"href":"https:\/\/www.ecletismomusical.pt\/en\/wp-json\/wp\/v2\/tags?post=1060"}],"curies":[{"name":"wp","href":"https:\/\/api.w.org\/{rel}","templated":true}]}}