{"id":1068,"date":"2005-01-27T01:30:00","date_gmt":"2005-01-27T01:30:00","guid":{"rendered":"https:\/\/ecletismomusical.pt\/selo-de-qualidade\/"},"modified":"2005-01-27T01:30:00","modified_gmt":"2005-01-27T01:30:00","slug":"selo-de-qualidade","status":"publish","type":"post","link":"https:\/\/www.ecletismomusical.pt\/en\/selo-de-qualidade\/","title":{"rendered":"Selo de Qualidade"},"content":{"rendered":"<p><img src=\"http:\/\/www.fnac.pt\/images\/catalogo\/discos\/xl\/5605064500067.jpg\" \/><br \/>\n<br \/><a href=\"http:\/\/www.differencemusic.com\/donnamaria_p.php\">Tudo \u00e9 Para Sempre<\/a> &#8211; Donna Maria<br \/>\n<br \/><img src=\"http:\/\/images-eu.amazon.com\/images\/G\/02\/detail\/stars-4-5.gif\" \/><br \/>\n<\/p>\n<div style=\"text-align: justify\">\n<br \/>Esta \u00e9 certamente uma das mais interessantes propostas da nova m\u00fasica Portuguesa. Este ser\u00e1 muito provavelmente um dos melhores \u00e1lbuns portugueses de 2005 (isto pese embora o facto de o \u00e1lbum ter sido editado em Novembro de 2004).<\/p>\n<p>Este \u00e9 um projecto idealizado por <span style=\"font-weight: bold\">Miguel \u00c2ngelo Majer<\/span> (bateria, sampler, voz e programa\u00e7\u00f5es), com a colabora\u00e7\u00e3o de <span style=\"font-weight: bold\">Ricardo Santos<\/span> (teclados) e da lind\u00edssima <span style=\"font-weight: bold\">Marisa Pinto<\/span> (voz). Sublinhe-se a satisfa\u00e7\u00e3o por ver que existe capacidade de inova\u00e7\u00e3o e esp\u00edrito empreendedor em jovens m\u00fasicos portugueses.<\/p>\n<p>Diga-se que \u00e9 com grande agrado que se assiste \u00e0 evolu\u00e7\u00e3o e crescimento duma jovem cantora (<span style=\"font-weight: bold\">Marisa Pinto<\/span>), que deu os primeiros passos no programa &#8221; Os Principais&#8221; da RTP, e que depois passou pelos coros desse e de outros programas da esta\u00e7\u00e3o p\u00fablica. Nota-se, para al\u00e9m do crescimento como pessoa, uma altera\u00e7\u00e3o, para melhor, do seu j\u00e1 outrora bonito timbre.<\/p>\n<p>Este trabalho de estreia dos <span style=\"font-weight: bold\">Donna Maria<\/span>, ser\u00e1 muito provavelmente mais uma das injusti\u00e7as do pitoresco mercado musical portugu\u00eas. Teme-se que, apesar de recolherem quase unanimemente a aprova\u00e7\u00e3o da cr\u00edtica da especialidade, este \u00e1lbum acabe por n\u00e3o chegar ao p\u00fablico tal como deveria acontecer.<\/p>\n<p>E isso infelizmente, devido ao desinteresse que as massas demonstram ter pela boa m\u00fasica portuguesa, especialmente quando \u00e9 feita por (ainda) desconhecidos. Veja-se por exemplo o projecto Anaifa e o impacto medi\u00e1tico\/vendas que alcan\u00e7ou no mercado Portugu\u00eas. Irris\u00f3rio para a sua qualidade. Tal e qual como se teme que possa acontecer com os Donna Maria.<\/p>\n<p>No entanto, importa reafirmar a excel\u00eancia deste trabalho que conta para al\u00e9m dos tr\u00eas membros referidos, com colabora\u00e7\u00f5es verdadeiramente surpreendentes, especialmente, para uma banda que est\u00e1 a come\u00e7ar.<\/p>\n<p>Destaque para os duetos com <span style=\"font-weight: bold\">Paulo de Carvalho<\/span> (\u00abQuase Perfeito\u00bb), <span style=\"font-weight: bold\">Vitorino<\/span> (\u00abLado a Lado\u00bb &#8211; vers\u00e3o do original de Tony de Matos), <span style=\"font-weight: bold\">Pedro Lu\u00eds<\/span> (\u00abAzulejos Voadores\u00bb), <span style=\"font-weight: bold\">Let\u00edcia Vasconcelos<\/span> (\u00abA Tua Luva\u00bb). O \u00e1lbum conta ainda com a colabora\u00e7\u00e3o de <span style=\"font-weight: bold\">Ciro Cruz<\/span> (um dos melhores baixistas brasileiros que toca com Gabriel O Pensador), <span style=\"font-weight: bold\">Paulinho Moska<\/span> (autor de \u00abAgora j\u00e1 \u00e9 Tarde\u00bb) e <span style=\"font-weight: bold\">Gil do Carmo<\/span> que declama o poema que encerra o \u00e1lbum &#8211; \u00abSempre para Sempre\u00bb<\/p>\n<div style=\"text-align: justify\">Para al\u00e9m dos originais este trabalho tem ainda vers\u00f5es de <span style=\"font-weight: bold\">\u00abEstou Al\u00e9m\u00bb<\/span> de Ant\u00f3nio Varia\u00e7\u00f5es e <span style=\"font-weight: bold\">\u00abFoi Deus\u00bb<\/span> de Alberto Fialho Janes, imortalizado na voz de Am\u00e1lia Rodrigues, e que foi o cart\u00e3o de visita dos Donna Maria presentes na compila\u00e7\u00e3o <span style=\"font-weight: bold\">\u00abAm\u00e1lia <\/span><span style=\"font-weight: bold\">Revisited\u00bb.<\/span><\/div>\n<\/p><\/div>\n<p><\/p>\n<div style=\"text-align: justify\">Num projecto que \u00e9 definido pelos pr\u00f3prios como tendo: <span style=\"font-style: italic\">\u00abfortes influ\u00eancias da m\u00fasica electr\u00f3nica e uma alma profundamente portuguesa bem patente no recurso a instrumentos tradicionais, como a guitarra portuguesa ou o acorde\u00e3o. Neste contexto, os Donna Maria pretendem devolver a desejada frescura \u00e0 M\u00fasica Portuguesa atrav\u00e9s da sua vis\u00e3o electr\u00f3nica e contempor\u00e2nea.\u00bb, <\/span>destaque ainda para o DVD que acompanha o \u00e1lbum e que cont\u00eam 12 videoclips (1 por m\u00fasica), para al\u00e9m de entrevistas. Uma mais valia!<span style=\"font-style: italic\"><br \/>\n<br \/><\/span><span style=\"font-size:130%\"><br \/>\n<br \/>ALINHAMENTO<br \/>\n<br \/><\/span><strong>1. Quase Perfeito<\/strong><em> <\/em><br \/>\n<br \/><em><span style=\"font-size:85%\">letra: Miguel A. Majer m\u00fasica: Miguel Rebelo<\/span><\/em><br \/>\n<br \/><strong>2. Dois Lados Do Mesmo Adeus<\/strong><br \/>\n<br \/><span style=\"font-size:85%\"><em>letra: Manuel Louren\u00e7o e Miguel A. Majer m\u00fasica: Manuel Louren\u00e7o<\/em><\/span><br \/>\n<br \/><strong>3. Lado a Lado<\/strong><span style=\"font-size:85%\"> <\/span><br \/>\n<br \/><span style=\"font-size:85%\"><em>letra e m\u00fasica: Nobrega e Sousa e Jer\u00f3nimo Bragan\u00e7a<\/em><\/span><br \/>\n<br \/><strong>4. P\u00e3o Para a Multid\u00e3o<\/strong><br \/>\n<br \/><span style=\"font-size:85%\"><em>letra: Miguel A. Majer m\u00fasica: Jo\u00e3o Pico<\/em><\/span><br \/>\n<br \/><strong>5. Sem Marcha Atr\u00e1s<\/strong><br \/>\n<br \/><span style=\"font-size:85%\"><em>letra: Miguel A. Majer m\u00fasica: Donna Maria<\/em><\/span><br \/>\n<br \/><strong>6. Foi Deus<\/strong><br \/>\n<br \/><span style=\"font-size:85%\"><em>letra e m\u00fasica: Alberto Fialho Janes<\/em><\/span><br \/>\n<br \/><strong>7. Azulejos Voadores<\/strong><br \/>\n<br \/><span style=\"font-size:85%\"><em>letra e m\u00fasica: Pedro Lu\u00eds<\/em><\/span><br \/>\n<br \/><strong>8. Aqui T\u00e3o Perto de Ti<\/strong><br \/>\n<br \/><span style=\"font-size:85%\"><em>letra e m\u00fasica: Mucio S\u00e1 <\/em><\/span><br \/>\n<br \/><strong>9. Estou Al\u00e9m<\/strong><br \/>\n<br \/><span style=\"font-size:85%\"><em>letra e m\u00fasica: Ant\u00f3nio Varia\u00e7\u00f5es<\/em><\/span><br \/>\n<br \/><strong>10. Agora J\u00e1 \u00c9 Tarde<\/strong><br \/>\n<br \/><span style=\"font-size:85%\"><em>letra e m\u00fasica: Paulinho Moska<\/em><\/span><br \/>\n<br \/><strong>11. A Tua Luva<\/strong><br \/>\n<br \/><span style=\"font-size:85%\"><em>letra: Miguel A. Majer m\u00fasica: Ciro Cruz<\/em><\/span><br \/>\n<br \/><strong>12. Sempre Para Sempre<\/strong><br \/>\n<br \/><span style=\"font-size:85%\"><em>letra: Miguel A. Majer m\u00fasica: Gil do Carmo e Ricardo Santos<br \/>\n<br \/><\/em><\/span><br \/>\n<br \/>DVD:12 V\u00eddeo clips + Entrevistas.<\/p>\n<p>Informa\u00e7\u00f5es retiradas do <a href=\"http:\/\/donna-maria.blogspot.com\/\">Blog Oficial<\/a><\/p>\n<p><\/span><\/div>","protected":false},"excerpt":{"rendered":"<p>Tudo \u00e9 Para Sempre &#8211; Donna Maria Esta \u00e9 certamente uma das mais interessantes propostas da nova m\u00fasica Portuguesa. Este ser\u00e1 muito provavelmente um dos melhores \u00e1lbuns portugueses de 2005 (isto pese embora o facto de o \u00e1lbum ter sido editado em Novembro de 2004). Este \u00e9 um projecto idealizado por Miguel \u00c2ngelo Majer (bateria,<\/p>","protected":false},"author":1,"featured_media":0,"comment_status":"open","ping_status":"open","sticky":false,"template":"","format":"standard","meta":[],"categories":[1],"tags":[],"_links":{"self":[{"href":"https:\/\/www.ecletismomusical.pt\/en\/wp-json\/wp\/v2\/posts\/1068"}],"collection":[{"href":"https:\/\/www.ecletismomusical.pt\/en\/wp-json\/wp\/v2\/posts"}],"about":[{"href":"https:\/\/www.ecletismomusical.pt\/en\/wp-json\/wp\/v2\/types\/post"}],"author":[{"embeddable":true,"href":"https:\/\/www.ecletismomusical.pt\/en\/wp-json\/wp\/v2\/users\/1"}],"replies":[{"embeddable":true,"href":"https:\/\/www.ecletismomusical.pt\/en\/wp-json\/wp\/v2\/comments?post=1068"}],"version-history":[{"count":0,"href":"https:\/\/www.ecletismomusical.pt\/en\/wp-json\/wp\/v2\/posts\/1068\/revisions"}],"wp:attachment":[{"href":"https:\/\/www.ecletismomusical.pt\/en\/wp-json\/wp\/v2\/media?parent=1068"}],"wp:term":[{"taxonomy":"category","embeddable":true,"href":"https:\/\/www.ecletismomusical.pt\/en\/wp-json\/wp\/v2\/categories?post=1068"},{"taxonomy":"post_tag","embeddable":true,"href":"https:\/\/www.ecletismomusical.pt\/en\/wp-json\/wp\/v2\/tags?post=1068"}],"curies":[{"name":"wp","href":"https:\/\/api.w.org\/{rel}","templated":true}]}}