{"id":1069,"date":"2005-01-25T23:00:00","date_gmt":"2005-01-25T23:00:00","guid":{"rendered":"https:\/\/ecletismomusical.pt\/a-vida-e-um-instante\/"},"modified":"2005-01-25T23:00:00","modified_gmt":"2005-01-25T23:00:00","slug":"a-vida-e-um-instante","status":"publish","type":"post","link":"https:\/\/www.ecletismomusical.pt\/en\/a-vida-e-um-instante\/","title":{"rendered":"A vida \u00e9 um instante&#8230;"},"content":{"rendered":"<p><img style=\"width: 179px;height: 196px\" src=\"http:\/\/maggypotter.weblogger.terra.com.br\/img\/feher1.jpg\" \/>  <img style=\"width: 149px;height: 195px\" src=\"http:\/\/afixe.weblog.com.pt\/arquivo\/BAIAOMORTE.jpg\" \/><br \/>\n<br \/><span style=\"font-weight: bold\">Feh\u00e9r (1979-2004)            <\/span><br \/>\n<br \/><span style=\"font-weight: bold\">Bai\u00e3o (1986-2004)<\/span><\/p>\n<div style=\"text-align: justify\">Retirando naturalmente todo o <span style=\"font-style: italic\">hype<\/span> que mortes destas provocam na sociedade, a verdade \u00e9 s\u00e3o fatalidades incomuns e por isso ainda mais perturbadoras, ao que naturalmente n\u00e3o ser\u00e1 alheia a exposi\u00e7\u00e3o publica, em que vida e a morte se interligam num segundo, num simples <span style=\"font-style: italic\">frame<\/span>.<\/p>\n<p>Faz hoje, <span style=\"font-weight: bold\">25 de Janeiro de 2005<\/span>, um ano que o cora\u00e7\u00e3o de <span style=\"font-weight: bold\">Miklos Feh\u00e9r<\/span> o atrai\u00e7ou em pleno jogo. Cerca de <span style=\"font-weight: bold\">4 meses depois<\/span>, foi <span style=\"font-weight: bold\">Bruno Bai\u00e3o<\/span>, capit\u00e3o da equipa de juniores do Benfica, que malogradamente teve o mesmo destino de Miki Feh\u00e9r.<\/p>\n<p>No <span style=\"font-weight: bold\">EM<\/span>, para al\u00e9m de se querer demonstrar naturalmente respeito e solidariedade para com as fam\u00edlias dos malogrados jogadores (naturalmente acima de quaisquer cores club\u00edsticas, eram seres humanos jovens antes de serem qualquer outra coisa), gostaria-se de fazer uma refer\u00eancia especial ao tema musical que tocou no funeral do H\u00fangaro.<\/p>\n<p>Esta era a m\u00fasica que Miki mais gostava. \u00c9 uma composi\u00e7\u00e3o de uma das mais conhecidas bandas rock da Hungria. Tem uma letra absolutamente arrepiante, particularmente ouvida depois daquele dia fat\u00eddico.<\/p>\n<p>Aqui fica (informa\u00e7\u00f5es retiradas do <span style=\"font-style: italic\">site <a href=\"http:\/\/www.webpdesign.pthosting.com\/feher\/musica.asp\">O \u00daltimo Sorriso de Miklos &#8220;Miki&#8221; Feh\u00e9r<\/a>)<\/span>:<\/p>\n<p><a href=\"http:\/\/www.filipequinta.com\/Bikini%20-%20Kozeli%20helyeken.mp3\"> \t\tBikini &#8211; Kozeli helyeken.mp3<\/a><\/p>\n<p><span style=\"font-style: italic\">\u00abK\u00f6zeli helyeken,  dombokon, hegyeken.<br \/>\n<br \/>Kibelezett k\u00f6b\u00e1ny\u00e1k \u00fcre &#8211; g\u00e9ben.<br \/>\n<br \/>K\u00f6zeli helyeken, dombokon, hegyeken.<br \/>\n<br \/>Most is visszangzik a l\u00e9ptem.<\/p>\n<p>Itt \u00fcl az id\u00f6 a nyakamon.<br \/>\n<br \/>Kifogy az \u00fat a l\u00e1bam al\u00f3l.<br \/>\n<br \/>Akkor is megyek, ha nem akarok.<br \/>\n<br \/>Ha nem k\u00eds\u00e9r senki utamon.<br \/>\n<br \/>Ar &#8211; com mossa es\u00f6 \u00e9s sz\u00e1r\u00edtja a sz\u00e9l.<br \/>\n<br \/>Az ember mindig jobbat rem\u00e9l.<br \/>\n<br \/>Porb\u00f3l lettem s porr\u00e1 leszek.<br \/>\n<br \/>F\u00e9lek, hogy a k\u00f6dbe veszek.\u00bb<\/p>\n<p>&#8212;&#8212;&#8212;&#8212;&#8212;&#8212;&#8212;&#8212;&#8212;&#8212;&#8212;&#8212;<br \/>\n<br \/><\/span><span style=\"font-style: italic\"><br \/>\n<br \/>\u00abNearly places<\/span><\/p>\n<p><span style=\"font-style: italic\"> \t\tAt near places, at hills-mountains <\/span><br \/>\n<br \/><span style=\"font-style: italic\"> \t\tin cannibalized quarry pit, <\/span><br \/>\n<br \/><span style=\"font-style: italic\"> \t\tat near places, at hills-mountains <\/span><br \/>\n<br \/><span style=\"font-style: italic\"> \t\tpresently also resound my steps. <\/span><\/p>\n<p><span style=\"font-style: italic\"> \t\tHere stand the time at my neck, <\/span><br \/>\n<br \/><span style=\"font-style: italic\"> \t\tthe road is run out under my feet <\/span><br \/>\n<br \/><span style=\"font-style: italic\"> \t\ti&#8217;ll go even if i don&#8217;t want, <\/span><br \/>\n<br \/><span style=\"font-style: italic\"> \t\tif nobody escort me, on my way. <\/span><br \/>\n<br \/><span style=\"font-style: italic\"> \t\tThe rain wash my face and the wind dry it, <\/span><br \/>\n<br \/><span style=\"font-style: italic\"> \t\tthe human always expect better. <\/span><br \/>\n<br \/><span style=\"font-style: italic\"> \t\tI&#8217;m from dust and i&#8217;m going to be dust, <\/span><br \/>\n<br \/><span style=\"font-style: italic\"> \t\ti have fear, i perish in the fog.\u00bb<\/span><\/p>\n<p><span style=\"font-weight: bold\">Uma poss\u00edvel tradu\u00e7\u00e3o em portugu\u00eas:<\/span><\/p>\n<p><span style=\"font-style: italic\">\u00abEm s\u00edtios pr\u00f3ximos, montes, montanhas , o eco dos meus passos ainda se escuta. O tempo p\u00e1ra, aqui no meu pesco\u00e7o, a estrada foge debaixo das minhas pernas. Eu vou, mesmo que n\u00e3o queira, vou, mesmo que ningu\u00e9m me acompanhe. O meu rosto molhado pela chuva o meu rosto seco pelo vento. Nascido das cinzas, cinzas voltarei a ser, temo que me vou perder no nevoeiro!&#8221; Qualquer coisa assim&#8230;diz-nos que em lugares distantes temos que lutar&#8230;o tempo urge&#8230;como nascemos \u00e9 como morremos&#8230;e assim nos perdemos no nevoeiro!\u00bb<br \/>\n<br \/><\/span><span style=\"font-style: italic\"><br \/>\n<br \/><\/span><\/div>","protected":false},"excerpt":{"rendered":"<p>Feh\u00e9r (1979-2004) Bai\u00e3o (1986-2004) Retirando naturalmente todo o hype que mortes destas provocam na sociedade, a verdade \u00e9 s\u00e3o fatalidades incomuns e por isso ainda mais perturbadoras, ao que naturalmente n\u00e3o ser\u00e1 alheia a exposi\u00e7\u00e3o publica, em que vida e a morte se interligam num segundo, num simples frame. Faz hoje, 25 de Janeiro de<\/p>","protected":false},"author":1,"featured_media":0,"comment_status":"open","ping_status":"open","sticky":false,"template":"","format":"standard","meta":[],"categories":[1],"tags":[],"_links":{"self":[{"href":"https:\/\/www.ecletismomusical.pt\/en\/wp-json\/wp\/v2\/posts\/1069"}],"collection":[{"href":"https:\/\/www.ecletismomusical.pt\/en\/wp-json\/wp\/v2\/posts"}],"about":[{"href":"https:\/\/www.ecletismomusical.pt\/en\/wp-json\/wp\/v2\/types\/post"}],"author":[{"embeddable":true,"href":"https:\/\/www.ecletismomusical.pt\/en\/wp-json\/wp\/v2\/users\/1"}],"replies":[{"embeddable":true,"href":"https:\/\/www.ecletismomusical.pt\/en\/wp-json\/wp\/v2\/comments?post=1069"}],"version-history":[{"count":0,"href":"https:\/\/www.ecletismomusical.pt\/en\/wp-json\/wp\/v2\/posts\/1069\/revisions"}],"wp:attachment":[{"href":"https:\/\/www.ecletismomusical.pt\/en\/wp-json\/wp\/v2\/media?parent=1069"}],"wp:term":[{"taxonomy":"category","embeddable":true,"href":"https:\/\/www.ecletismomusical.pt\/en\/wp-json\/wp\/v2\/categories?post=1069"},{"taxonomy":"post_tag","embeddable":true,"href":"https:\/\/www.ecletismomusical.pt\/en\/wp-json\/wp\/v2\/tags?post=1069"}],"curies":[{"name":"wp","href":"https:\/\/api.w.org\/{rel}","templated":true}]}}