{"id":1070,"date":"2005-01-25T17:05:00","date_gmt":"2005-01-25T17:05:00","guid":{"rendered":"https:\/\/ecletismomusical.pt\/60o-aniversario-da-libertacao-de-auschwitz\/"},"modified":"2005-01-25T17:05:00","modified_gmt":"2005-01-25T17:05:00","slug":"60o-aniversario-da-libertacao-de-auschwitz","status":"publish","type":"post","link":"https:\/\/www.ecletismomusical.pt\/en\/60o-aniversario-da-libertacao-de-auschwitz\/","title":{"rendered":"60\u00ba anivers\u00e1rio da Liberta\u00e7\u00e3o de Auschwitz"},"content":{"rendered":"<p><img style=\"width: 286px;height: 211px\" src=\"http:\/\/shl.stanford.edu\/Crowds\/base\/torture\/Holocaust_image.jpg\" \/><\/p>\n<div style=\"text-align: justify\"><span style=\"font-weight: bold\">&#8220;A ideologia nazi foi concebida por seres humanos e praticada por seres humanos&#8221; Gerhard Schroeder (25.01.2005) <\/span><br \/>\n<\/div>\n<p><\/p>\n<div style=\"text-align: justify\">Numa \u00e9poca em que se assiste a crescentes manifesta\u00e7\u00f5es de anti-semitismo, importa recordar que este genoc\u00eddio aconteceu em pleno s\u00e9culo XX. Importa sobretudo que as gera\u00e7\u00f5es vindouras tenham consci\u00eancia de que tal barbaridade, n\u00e3o faz apenas parte de uma produ\u00e7\u00e3o de hollywood. Torna-se vital que os tutores fa\u00e7am um esfor\u00e7o de transmiss\u00e3o das mem\u00f3rias, amargas, cru\u00e9is, mas tristemente verdadeiras. Para que tal nunca se volte a repetir!<\/p>\n<p>Uma trilogia Obrigat\u00f3ria:<br \/>\n<br \/><img style=\"width: 144px;height: 222px\" src=\"http:\/\/www.editpresenca.pt\/images\/livros\/01040206.JPG\" \/>           <img style=\"width: 157px;height: 225px\" src=\"http:\/\/www.editpresenca.pt\/images\/livros\/01040223.JPG\" \/>      <img style=\"width: 147px;height: 225px\" src=\"http:\/\/www.editpresenca.pt\/images\/livros\/01040253.JPG\" \/>  <\/p>\n<\/div>","protected":false},"excerpt":{"rendered":"<p>&#8220;A ideologia nazi foi concebida por seres humanos e praticada por seres humanos&#8221; Gerhard Schroeder (25.01.2005) Numa \u00e9poca em que se assiste a crescentes manifesta\u00e7\u00f5es de anti-semitismo, importa recordar que este genoc\u00eddio aconteceu em pleno s\u00e9culo XX. Importa sobretudo que as gera\u00e7\u00f5es vindouras tenham consci\u00eancia de que tal barbaridade, n\u00e3o faz apenas parte de uma<\/p>","protected":false},"author":1,"featured_media":0,"comment_status":"open","ping_status":"open","sticky":false,"template":"","format":"standard","meta":[],"categories":[1],"tags":[],"_links":{"self":[{"href":"https:\/\/www.ecletismomusical.pt\/en\/wp-json\/wp\/v2\/posts\/1070"}],"collection":[{"href":"https:\/\/www.ecletismomusical.pt\/en\/wp-json\/wp\/v2\/posts"}],"about":[{"href":"https:\/\/www.ecletismomusical.pt\/en\/wp-json\/wp\/v2\/types\/post"}],"author":[{"embeddable":true,"href":"https:\/\/www.ecletismomusical.pt\/en\/wp-json\/wp\/v2\/users\/1"}],"replies":[{"embeddable":true,"href":"https:\/\/www.ecletismomusical.pt\/en\/wp-json\/wp\/v2\/comments?post=1070"}],"version-history":[{"count":0,"href":"https:\/\/www.ecletismomusical.pt\/en\/wp-json\/wp\/v2\/posts\/1070\/revisions"}],"wp:attachment":[{"href":"https:\/\/www.ecletismomusical.pt\/en\/wp-json\/wp\/v2\/media?parent=1070"}],"wp:term":[{"taxonomy":"category","embeddable":true,"href":"https:\/\/www.ecletismomusical.pt\/en\/wp-json\/wp\/v2\/categories?post=1070"},{"taxonomy":"post_tag","embeddable":true,"href":"https:\/\/www.ecletismomusical.pt\/en\/wp-json\/wp\/v2\/tags?post=1070"}],"curies":[{"name":"wp","href":"https:\/\/api.w.org\/{rel}","templated":true}]}}