{"id":1076,"date":"2005-01-17T15:42:00","date_gmt":"2005-01-17T15:42:00","guid":{"rendered":"https:\/\/ecletismomusical.pt\/ami-pela-asia\/"},"modified":"2005-01-17T15:42:00","modified_gmt":"2005-01-17T15:42:00","slug":"ami-pela-asia","status":"publish","type":"post","link":"https:\/\/www.ecletismomusical.pt\/en\/ami-pela-asia\/","title":{"rendered":"AMI pela \u00c1sia"},"content":{"rendered":"<p><a href=\"http:\/\/www.fundacao-ami.org\/\"><img src=\"http:\/\/gasnova.no.sapo.pt\/socorro_ficheiros\/logo_AMI.gif\" \/><\/a><\/p>\n<div style=\"text-align: justify\">\n<div style=\"text-align: justify\"> <\/div>\n<p> <span style=\"font-weight: bold;font-style: italic\">\u00abTHE GIFT, MESA, CL\u00c3, FINGERTIPS e XUTOS E PONTAP\u00c9S<\/span><span style=\"font-style: italic\">, entre outros, re\u00fanem-se num grande concerto de solidariedade para com as v\u00edtimas do tsunami. M\u00daSICA E SOLIDARIEDADE: AMI pela \u00c1SIA.<\/span><\/p>\n<p> <span style=\"font-style: italic\">Promovido pela AMIarte, um n\u00facleo da Delega\u00e7\u00e3o Norte da Funda\u00e7\u00e3o AMI, que procura estimular a produ\u00e7\u00e3o art\u00edstica para angaria\u00e7\u00e3o de recursos financeiros, o Concerto <\/span><span style=\"font-weight: bold;font-style: italic\">M\u00daSICA E SOLIDARIEDADE: AMI pela \u00c1SIA<\/span><span style=\"font-style: italic\">, contar\u00e1 ainda com outros nomes incontorn\u00e1veis no panorama musical portugu\u00eas.<\/span><\/p>\n<p> <span style=\"font-style: italic\">Tendo em conta que a Funda\u00e7\u00e3o AMI \u2013 Assist\u00eancia M\u00e9dica Internacional foi a primeira ONG a prestar apoio ao sudeste asi\u00e1tico, encontrando-se neste momento no Sri Lanka uma equipa a auxiliar uma popula\u00e7\u00e3o que se debate com cerca de 30 mil mortos j\u00e1 confirmados neste pa\u00eds, o n\u00facleo AMIarte espera a presen\u00e7a massiva do p\u00fablico neste evento de solidariedade, considerando que a receita de bilheteira ser\u00e1 inteiramente aplicada, pela Funda\u00e7\u00e3o AMI, no aux\u00edlio \u00e0s v\u00edtimas do tsunami.<\/span><\/p>\n<p> <span style=\"font-style: italic\">O concerto M\u00daSICA E SOLIDARIEDADE: AMI pela \u00c1SIA tem lugar no <\/span><span style=\"font-weight: bold;font-style: italic\">COLISEU DO PORTO, no pr\u00f3ximo dia 22 de Janeiro, \u00e0s 21h30.<\/span><\/p>\n<p> <span style=\"font-style: italic\">Bilhetes \u00e0 venda no <a href=\"http:\/\/www.coliseudoporto.pt\/musica_solidariedade_ami_pela_asia.htm\">Coliseu do Porto<\/a> e nas lojas Fnac<\/span><\/p>\n<p> <span style=\"font-style: italic\">Reserva para AMI: 22 5100701<\/span><\/p>\n<p> <span style=\"font-style: italic\">AMIarte<\/span><br \/>\n<br \/> <span style=\"font-style: italic\">Delega\u00e7\u00e3o do Norte da Funda\u00e7\u00e3o AMI \u2013 Assist\u00eancia M\u00e9dica Internacional Rua da Lomba, 153, Porto Telef: 225100701 fax: 225104816\u00bb<\/span>  <\/div>","protected":false},"excerpt":{"rendered":"<p>\u00abTHE GIFT, MESA, CL\u00c3, FINGERTIPS e XUTOS E PONTAP\u00c9S, entre outros, re\u00fanem-se num grande concerto de solidariedade para com as v\u00edtimas do tsunami. M\u00daSICA E SOLIDARIEDADE: AMI pela \u00c1SIA. Promovido pela AMIarte, um n\u00facleo da Delega\u00e7\u00e3o Norte da Funda\u00e7\u00e3o AMI, que procura estimular a produ\u00e7\u00e3o art\u00edstica para angaria\u00e7\u00e3o de recursos financeiros, o Concerto M\u00daSICA E<\/p>","protected":false},"author":1,"featured_media":0,"comment_status":"open","ping_status":"open","sticky":false,"template":"","format":"standard","meta":[],"categories":[1],"tags":[],"_links":{"self":[{"href":"https:\/\/www.ecletismomusical.pt\/en\/wp-json\/wp\/v2\/posts\/1076"}],"collection":[{"href":"https:\/\/www.ecletismomusical.pt\/en\/wp-json\/wp\/v2\/posts"}],"about":[{"href":"https:\/\/www.ecletismomusical.pt\/en\/wp-json\/wp\/v2\/types\/post"}],"author":[{"embeddable":true,"href":"https:\/\/www.ecletismomusical.pt\/en\/wp-json\/wp\/v2\/users\/1"}],"replies":[{"embeddable":true,"href":"https:\/\/www.ecletismomusical.pt\/en\/wp-json\/wp\/v2\/comments?post=1076"}],"version-history":[{"count":0,"href":"https:\/\/www.ecletismomusical.pt\/en\/wp-json\/wp\/v2\/posts\/1076\/revisions"}],"wp:attachment":[{"href":"https:\/\/www.ecletismomusical.pt\/en\/wp-json\/wp\/v2\/media?parent=1076"}],"wp:term":[{"taxonomy":"category","embeddable":true,"href":"https:\/\/www.ecletismomusical.pt\/en\/wp-json\/wp\/v2\/categories?post=1076"},{"taxonomy":"post_tag","embeddable":true,"href":"https:\/\/www.ecletismomusical.pt\/en\/wp-json\/wp\/v2\/tags?post=1076"}],"curies":[{"name":"wp","href":"https:\/\/api.w.org\/{rel}","templated":true}]}}