{"id":1084,"date":"2004-12-30T16:01:00","date_gmt":"2004-12-30T16:01:00","guid":{"rendered":"https:\/\/ecletismomusical.pt\/as-melhores-musicas-do-ano-parte-xiii\/"},"modified":"2004-12-30T16:01:00","modified_gmt":"2004-12-30T16:01:00","slug":"as-melhores-musicas-do-ano-parte-xiii","status":"publish","type":"post","link":"https:\/\/www.ecletismomusical.pt\/en\/as-melhores-musicas-do-ano-parte-xiii\/","title":{"rendered":"As Melhores M\u00fasicas do Ano &#8211; Parte XIII"},"content":{"rendered":"<p>3 &#8211; <a href=\"http:\/\/www.jorgepalma.web.pt\/\"><span style=\"font-weight: bold\">Passeio dos prod\u00edgios<\/span><\/a> &#8211; Jorge Palma<\/p>\n<p><img style=\"width: 165px;height: 165px\" src=\"http:\/\/www.fnac.pt\/images\/catalogo\/discos\/g\/724387547520.jpg\" \/><\/p>\n<p style=\"text-align: left;font-style: italic\">Vamos l\u00e1 contar as armas<br \/>\n<br \/>        tu e eu, de bra\u00e7o dado<br \/>\n<br \/>        nesta estrada meio deserta<br \/>\n<br \/>        n\u00e3o sabemos quanto tempo as tr\u00e9guas v\u00e3o durar&#8230;<\/p>\n<div style=\"text-align: left;font-style: italic\">         <\/div>\n<p style=\"text-align: left;font-style: italic\">h\u00e1 vit\u00f3rias e derrotas<br \/>\n<br \/>        apontadas em sil\u00eancio <\/p>\n<div style=\"text-align: left;font-style: italic\">         <\/div>\n<p style=\"text-align: left;font-style: italic\">no di\u00e1rio imagin\u00e1rio<br \/>\n<br \/>        onde empilhamos as raz\u00f5es para lutar! <\/p>\n<div style=\"text-align: left;font-style: italic\">         <\/div>\n<p style=\"text-align: left;font-style: italic\">Repreendo os meus fantasmas<br \/>\n<br \/>        ao virar de cada esquina <\/p>\n<div style=\"text-align: left;font-style: italic\">         <\/div>\n<p style=\"text-align: left;font-style: italic\">por espantarem a inoc\u00eancia<br \/>\n<br \/>        quantas vezes te odiei com medo de te amar&#8230;<\/p>\n<div style=\"text-align: left;font-style: italic\">         <\/div>\n<p style=\"text-align: left;font-style: italic\">vejo o fundo da garrafa<br \/>\n<br \/>        acendo mais outro cigarro<br \/>\n<br \/>        tudo serve de cinzeiro<br \/>\n<br \/>        quando os deuses brincam \u00e9 para magoar!<\/p>\n<div style=\"text-align: left;font-style: italic\">         <\/div>\n<p style=\"text-align: left;font-style: italic\">Vamos enganar o tempo<br \/>\n<br \/>        saltar para o primeiro comb\u00f3io<br \/>\n<br \/>        que arrancar da mais pr\u00f3xima esta\u00e7\u00e3o!<br \/>\n<br \/>        Para qu\u00ea fazer projectos<br \/>\n<br \/>        quando sai tudo ao contr\u00e1rio?<br \/>\n<br \/>        Pode ser que, por milagre,<br \/>\n<br \/>        troquemos as voltas aos deuses<\/p>\n<div style=\"text-align: left;font-style: italic\">         <\/div>\n<p style=\"text-align: left;font-style: italic\"> Entre o caos e o conflito<br \/>\n<br \/>        a vontade e a desordem<br \/>\n<br \/>        n\u00e3o podemos ver ao longe<br \/>\n<br \/>        e corremos sempre o risco de ir longe demais<\/p>\n<div style=\"text-align: left;font-style: italic\">         <\/div>\n<p style=\"text-align: left;font-style: italic\">somos meros transeuntes<br \/>\n<br \/>        no passeio dos prod\u00edgios<br \/>\n<br \/>        somos s\u00f3 sobreviventes<br \/>\n<br \/>        com carimbos falsos nas credenciais<\/p>\n<div style=\"text-align: left\">         <span style=\"font-style: italic\">Vamos enganar o tempo&#8230;<\/span><br \/>\n<\/div>","protected":false},"excerpt":{"rendered":"<p>3 &#8211; Passeio dos prod\u00edgios &#8211; Jorge Palma Vamos l\u00e1 contar as armas tu e eu, de bra\u00e7o dado nesta estrada meio deserta n\u00e3o sabemos quanto tempo as tr\u00e9guas v\u00e3o durar&#8230; h\u00e1 vit\u00f3rias e derrotas apontadas em sil\u00eancio no di\u00e1rio imagin\u00e1rio onde empilhamos as raz\u00f5es para lutar! Repreendo os meus fantasmas ao virar de cada<\/p>","protected":false},"author":1,"featured_media":0,"comment_status":"open","ping_status":"open","sticky":false,"template":"","format":"standard","meta":[],"categories":[1],"tags":[],"_links":{"self":[{"href":"https:\/\/www.ecletismomusical.pt\/en\/wp-json\/wp\/v2\/posts\/1084"}],"collection":[{"href":"https:\/\/www.ecletismomusical.pt\/en\/wp-json\/wp\/v2\/posts"}],"about":[{"href":"https:\/\/www.ecletismomusical.pt\/en\/wp-json\/wp\/v2\/types\/post"}],"author":[{"embeddable":true,"href":"https:\/\/www.ecletismomusical.pt\/en\/wp-json\/wp\/v2\/users\/1"}],"replies":[{"embeddable":true,"href":"https:\/\/www.ecletismomusical.pt\/en\/wp-json\/wp\/v2\/comments?post=1084"}],"version-history":[{"count":0,"href":"https:\/\/www.ecletismomusical.pt\/en\/wp-json\/wp\/v2\/posts\/1084\/revisions"}],"wp:attachment":[{"href":"https:\/\/www.ecletismomusical.pt\/en\/wp-json\/wp\/v2\/media?parent=1084"}],"wp:term":[{"taxonomy":"category","embeddable":true,"href":"https:\/\/www.ecletismomusical.pt\/en\/wp-json\/wp\/v2\/categories?post=1084"},{"taxonomy":"post_tag","embeddable":true,"href":"https:\/\/www.ecletismomusical.pt\/en\/wp-json\/wp\/v2\/tags?post=1084"}],"curies":[{"name":"wp","href":"https:\/\/api.w.org\/{rel}","templated":true}]}}