{"id":1086,"date":"2004-12-27T17:31:00","date_gmt":"2004-12-27T17:31:00","guid":{"rendered":"https:\/\/ecletismomusical.pt\/as-melhores-musicas-do-ano-parte-xi\/"},"modified":"2004-12-27T17:31:00","modified_gmt":"2004-12-27T17:31:00","slug":"as-melhores-musicas-do-ano-parte-xi","status":"publish","type":"post","link":"https:\/\/www.ecletismomusical.pt\/en\/as-melhores-musicas-do-ano-parte-xi\/","title":{"rendered":"As Melhores M\u00fasicas do Ano &#8211; Parte XI"},"content":{"rendered":"<p>5 &#8211; <span style=\"font-weight: bold\">Rosa<\/span> &#8211; Rodrigo Le\u00e3o<\/p>\n<p><img style=\"width: 156px;height: 156px\" src=\"http:\/\/www.fnac.pt\/images\/catalogo\/discos\/g\/5099751766926.jpg\" \/><br \/>\n<\/p>\n<div style=\"text-align: left\"><span style=\"font-size:130%\"><span style=\"font-family:arial;font-size:78%\"><em><span style=\"font-size:78%\"><\/span><\/em><\/span><span style=\"font-family:arial;font-size:78%\"><em><span style=\"font-size:78%\"><\/span><\/em><\/span><\/span>  <\/p>\n<p><em><span style=\"font-family:Arial\">Hoje o c\u00e9u est\u00e1 mais azul<\/span><\/em><span style=\"font-family:Arial\"><br \/>\n<br \/><em><span style=\"font-family:Arial\">eu sinto<\/span><\/em><i><br \/>\n<br \/><em><span style=\"font-family:Arial\">fecho os olhos mesmo assim<\/span><\/em><\/i><br \/>\n<br \/><em><span style=\"font-family:Arial\">eu sinto<\/span><\/em><br \/>\n<br \/><em><span style=\"font-family:Arial\">o meu corpo estremecer<\/span><\/em><br \/>\n<br \/><em><span style=\"font-family:Arial\">n\u00e3o consigo adormecer<\/span><\/em><br \/>\n<br \/><em><span style=\"font-family:Arial\">Nem o tempo vai chegar<\/span><\/em><br \/>\n<br \/><em><span style=\"font-family:Arial\">para dizer o quanto eu sinto<\/span><\/em><br \/>\n<br \/><em><span style=\"font-family:Arial\">voc\u00ea longe de mim<\/span><\/em><br \/>\n<br \/><em><span style=\"font-family:Arial\">\u00e9 uma esp\u00e9cie de dor.<\/span><\/em><\/p>\n<p><em><span style=\"font-family:Arial\">Hoje o c\u00e9u est\u00e1 mais azul eu sinto<\/span><\/em><br \/>\n<br \/><em><span style=\"font-family:Arial\">Pois sinto<\/span><\/em><br \/>\n<br \/><em><span style=\"font-family:Arial\">Olho \u00e0 volta, mesmo assim<\/span><\/em><br \/>\n<br \/><em><span style=\"font-family:Arial\">eu sinto<\/span><\/em><br \/>\n<br \/><em><span style=\"font-family:Arial\">que este amor vai acabar<\/span><\/em><br \/>\n<br \/><em><span style=\"font-family:Arial\">e a saudade vai voltar<\/span><\/em><br \/>\n<br \/><em><span style=\"font-family:Arial\">nem o tempo vai chegar<\/span><\/em><br \/>\n<br \/><em><span style=\"font-family:Arial\">para dizer o quanto eu sinto<\/span><\/em><br \/>\n<br \/><em><span style=\"font-family:Arial\">voc\u00ea longe de mim<\/span><\/em><br \/>\n<br \/><em><span style=\"font-family:Arial\">\u00e9 uma esp\u00e9cie de dor<\/span><\/em><br \/>\n<br \/><em><span style=\"font-family:Arial\">nem sei o que esperar<\/span><\/em><br \/>\n<br \/><em><span style=\"font-family:Arial\">dessa vida fugidia<\/span><\/em><br \/>\n<br \/><em><span style=\"font-family:Arial\">n\u00e3o sei como explicar<\/span><\/em><br \/>\n<br \/><em><span style=\"font-family:Arial\">mas \u00e9 mesmo assim o amor<\/span><\/em><\/span><\/p>\n<\/div>","protected":false},"excerpt":{"rendered":"<p>5 &#8211; Rosa &#8211; Rodrigo Le\u00e3o Hoje o c\u00e9u est\u00e1 mais azul eu sinto fecho os olhos mesmo assim eu sinto o meu corpo estremecer n\u00e3o consigo adormecer Nem o tempo vai chegar para dizer o quanto eu sinto voc\u00ea longe de mim \u00e9 uma esp\u00e9cie de dor. Hoje o c\u00e9u est\u00e1 mais azul eu<\/p>","protected":false},"author":1,"featured_media":0,"comment_status":"open","ping_status":"open","sticky":false,"template":"","format":"standard","meta":[],"categories":[1],"tags":[],"_links":{"self":[{"href":"https:\/\/www.ecletismomusical.pt\/en\/wp-json\/wp\/v2\/posts\/1086"}],"collection":[{"href":"https:\/\/www.ecletismomusical.pt\/en\/wp-json\/wp\/v2\/posts"}],"about":[{"href":"https:\/\/www.ecletismomusical.pt\/en\/wp-json\/wp\/v2\/types\/post"}],"author":[{"embeddable":true,"href":"https:\/\/www.ecletismomusical.pt\/en\/wp-json\/wp\/v2\/users\/1"}],"replies":[{"embeddable":true,"href":"https:\/\/www.ecletismomusical.pt\/en\/wp-json\/wp\/v2\/comments?post=1086"}],"version-history":[{"count":0,"href":"https:\/\/www.ecletismomusical.pt\/en\/wp-json\/wp\/v2\/posts\/1086\/revisions"}],"wp:attachment":[{"href":"https:\/\/www.ecletismomusical.pt\/en\/wp-json\/wp\/v2\/media?parent=1086"}],"wp:term":[{"taxonomy":"category","embeddable":true,"href":"https:\/\/www.ecletismomusical.pt\/en\/wp-json\/wp\/v2\/categories?post=1086"},{"taxonomy":"post_tag","embeddable":true,"href":"https:\/\/www.ecletismomusical.pt\/en\/wp-json\/wp\/v2\/tags?post=1086"}],"curies":[{"name":"wp","href":"https:\/\/api.w.org\/{rel}","templated":true}]}}