{"id":1113,"date":"2004-11-05T20:30:00","date_gmt":"2004-11-05T20:30:00","guid":{"rendered":"https:\/\/ecletismomusical.pt\/de-quien-es-la-nuestra-vida\/"},"modified":"2004-11-05T20:30:00","modified_gmt":"2004-11-05T20:30:00","slug":"de-quien-es-la-nuestra-vida","status":"publish","type":"post","link":"https:\/\/www.ecletismomusical.pt\/en\/de-quien-es-la-nuestra-vida\/","title":{"rendered":"De quien es la nuestra vida?"},"content":{"rendered":"<p><img src=\"http:\/\/www.caratulasdecine.com\/Caratulas\/Mar_adentro.jpg\" \/><br \/><a href=\"http:\/\/www.atalantafilmes.pt\/2005\/maradentro\/index.htm\">Mar Adentro<\/a> &#8211; Um Filme de Alejandro Amen\u00e1bar<br \/><img src=\"http:\/\/images-eu.amazon.com\/images\/G\/02\/detail\/stars-5-0.gif\" \/><\/p>\n<div>J\u00e1 anteriormente neste blog tinha sido feito refer\u00eancia a este filme de <span>Alejandro Amen\u00e1bar<\/span>, a prop\u00f3sito de um dos temas da banda sonora com interpreta\u00e7\u00e3o de <span>Luz Casal<\/span>, intitulado <span>\u00abNegra Sombra\u00bb <\/span>.<\/p>\n<p>Agora, depois de visto o filme, o tema interpretado por Luz Casal ainda faz mais sentido, tornando-se mesmo na involunt\u00e1ria banda sonora das reflex\u00f5es que esta obra prima de Amen\u00e1bar suscita.<\/p>\n<p>Este \u00e9 muito possivelmente o melhor filme espanhol feito at\u00e9 ao momento, contando com uma das melhores interpreta\u00e7\u00f5es de sempre do cinema, de <span>Javier Bardem<\/span>.<\/p>\n<p>Baseado em acontecimentos reais, <span>\u00abMar Adentro\u00bb<\/span> narra a hist\u00f3ria de Ram\u00f3n Sampedro, um homem tetrapl\u00e9gico que durante mais de 28 anos lutou para conseguir uma morte digna e cujo caso desencadeou um grande debate social em Espanha. Sendo a <span>Eutan\u00e1sia<\/span> proibida por lei em Espanha (tal como o \u00e9 em Portugal e em quase todos os pa\u00edses europeus), Sampedro recorreu diversas vezes aos tribunais expressando o seu desejo de morrer legalmente, mas todas as suas tentativas foram totalmente in\u00fateis.<\/p>\n<p>Este \u00e9 um filme muit\u00edssimo comovente, maravilhosamente narrado por Amen\u00e1bar, realizador que ficou conhecido com o filme <span>\u00abThe Others\u00bb<\/span>, com <span>Nicole Kidman<\/span>. Em <span>\u00abMar Adentro\u00bb<\/span>, Amen\u00e1bar aproveita com mestria a sensibilidade do tema e atrav\u00e9s de uma excepcional direc\u00e7\u00e3o de autores cria um filme de uma enorme profundidade de sentimentos, de emo\u00e7\u00f5es, de interroga\u00e7\u00f5es, de d\u00favidas sobre os conceitos de vida, de morte, de disposi\u00e7\u00e3o sobre a vida e morte, fundamentalmente, levanta interroga\u00e7\u00f5es como a de saber se a decis\u00e3o de morrer de um tetrapl\u00e9gico ser\u00e1 ainda o \u00faltimo acto de ego\u00edsmo, ou se por outro lado, ser\u00e1 apenas o cumprimento de uma vontade pessoal de algu\u00e9m que considera ter perdido toda a sua dignidade.<\/p>\n<p>Recentemente foi, este filme, nomeado pela academia de cinema espanhol, como sendo o filme espanhol candidato ao pr\u00e9mio de melhor filme estrangeiro da academia de cinema norte-americana. Seria de inteira justi\u00e7a que, <span>Javier Bardem<\/span>, depois de ter recebido j\u00e1 diversos pr\u00e9mios, como o do Festival de cinema de Veneza, fosse tamb\u00e9m ele nomeado para o oscar de melhor actor, pois, na verdade, o seu trabalho \u00e9 das melhores coisas feitas nos \u00faltimos anos. Tamb\u00e9m, <span>Bel\u00e9n Rueda<\/span> foi um feliz descobrimento, com uma interpreta\u00e7\u00e3o carregada de verdade, com uma express\u00e3o dram\u00e1tica surpreendente e com uma interliga\u00e7\u00e3o perfeita com Bardem. Destaque ainda para a excelente fotografia e para a m\u00fasica original tamb\u00e9m da autoria de Alejandro Amen\u00e1bar.<\/p>\n<p>Um filme imprescind\u00edvel.<\/p>\n<p>Fica ainda aqui a letra do tema interpretado por Luz Casal e que segundo se apurou \u00e9 uma das can\u00e7\u00f5es mais emblem\u00e1ticas da Galiza, originalmente escrita por <span><span>Rosal\u00eda de Castro<\/span><\/span><span>(1837-1885)<\/span><span><span> <\/span>, e recentemente recuperada por <span>Carlos <\/span><\/span><span>Nu\u00f1ez<\/span> and <span>Luz Casal, <\/span>dois nomes grandes da m\u00fasica galega.<\/p>\n<p><span>\u00abNegra Sombra<br \/>Cando penso que te fuches,<br \/>negra sombra que me asombras,<br \/>\u00f3 p\u00e9 dos meus cabezales<br \/>tornas fac\u00e9ndome mofa. <\/p>\n<p>Cando maxino que es ida,<br \/>no mesmo sol te me amostras,<br \/>i eres a estrela que brila,<br \/>i eres o vento que zoa.<\/p>\n<p>Si cantan es ti que cantas;<br \/>si choran, es ti que choras,<br \/>i es o marmurio do r\u00edo,<br \/>i es a noite i es a aurora.<\/p>\n<p>En todo est\u00e1s e ti es todo,<br \/>pra min y en min mesma moras,<br \/>nin me dexar\u00e1s ti nunca,<br \/>sombra que sempre me asombras\u00bb<br \/><span>Rosal\u00eda de Castro<\/span><\/p>\n<p><\/span>Tamb\u00e9m o poema da autoria do pr\u00f3prio Ram\u00f3n Sampedro, que \u00e9 recitado nas cenas finais do filme por Javier Bardem, merece aqui destaque:<\/div>\n<p>&#8220;MAR ADENTRO&#8221; (Por Ram\u00f3n Sampedro)<\/p>\n<p><span>Mar adentro,<br \/>mar adentro.<\/p>\n<p>Y en la ingravidez del fondo<br \/>donde se cumplen los sue\u00f1os<br \/>se juntan dos voluntades<br \/>para cumplir un deseo.<\/p>\n<p>Un beso enciende la vida<br \/>con un rel\u00e1mpago y un trueno<br \/>y en una metamorfosis<br \/>mi cuerpo no es ya mi cuerpo,<br \/>es como penetrar al centro del universo.<\/p>\n<p>El abrazo m\u00e1s pueril<br \/>y el m\u00e1s puro de los besos<br \/>hasta vernos reducidos<br \/>en un \u00fanico deseo.<\/p>\n<p>Tu mirada y mi mirada<br \/>como un eco repitiendo, sin palabras<br \/>&#8216;m\u00e1s adentro&#8217;, &#8216;m\u00e1s adentro&#8217;<br \/>hasta el m\u00e1s all\u00e1 del todo<br \/>por la sangre y por los huesos.<\/p>\n<p>Pero me despierto siempre<br \/>y siempre quiero estar muerto,<br \/>para seguir con mi boca<br \/>enredada en tus cabellos.<\/span><\/p>","protected":false},"excerpt":{"rendered":"<p>Mar Adentro &#8211; Um Filme de Alejandro Amen\u00e1bar J\u00e1 anteriormente neste blog tinha sido feito refer\u00eancia a este filme de Alejandro Amen\u00e1bar, a prop\u00f3sito de um dos temas da banda sonora com interpreta\u00e7\u00e3o de Luz Casal, intitulado \u00abNegra Sombra\u00bb . Agora, depois de visto o filme, o tema interpretado por Luz Casal ainda faz mais<\/p>","protected":false},"author":1,"featured_media":0,"comment_status":"open","ping_status":"open","sticky":false,"template":"","format":"standard","meta":[],"categories":[1],"tags":[],"_links":{"self":[{"href":"https:\/\/www.ecletismomusical.pt\/en\/wp-json\/wp\/v2\/posts\/1113"}],"collection":[{"href":"https:\/\/www.ecletismomusical.pt\/en\/wp-json\/wp\/v2\/posts"}],"about":[{"href":"https:\/\/www.ecletismomusical.pt\/en\/wp-json\/wp\/v2\/types\/post"}],"author":[{"embeddable":true,"href":"https:\/\/www.ecletismomusical.pt\/en\/wp-json\/wp\/v2\/users\/1"}],"replies":[{"embeddable":true,"href":"https:\/\/www.ecletismomusical.pt\/en\/wp-json\/wp\/v2\/comments?post=1113"}],"version-history":[{"count":0,"href":"https:\/\/www.ecletismomusical.pt\/en\/wp-json\/wp\/v2\/posts\/1113\/revisions"}],"wp:attachment":[{"href":"https:\/\/www.ecletismomusical.pt\/en\/wp-json\/wp\/v2\/media?parent=1113"}],"wp:term":[{"taxonomy":"category","embeddable":true,"href":"https:\/\/www.ecletismomusical.pt\/en\/wp-json\/wp\/v2\/categories?post=1113"},{"taxonomy":"post_tag","embeddable":true,"href":"https:\/\/www.ecletismomusical.pt\/en\/wp-json\/wp\/v2\/tags?post=1113"}],"curies":[{"name":"wp","href":"https:\/\/api.w.org\/{rel}","templated":true}]}}