{"id":1118,"date":"2004-10-30T00:50:00","date_gmt":"2004-10-30T00:50:00","guid":{"rendered":"https:\/\/ecletismomusical.pt\/a-descobrir-3\/"},"modified":"2004-10-30T00:50:00","modified_gmt":"2004-10-30T00:50:00","slug":"a-descobrir-3","status":"publish","type":"post","link":"https:\/\/www.ecletismomusical.pt\/en\/a-descobrir-3\/","title":{"rendered":"A Descobrir"},"content":{"rendered":"<p><img style=\"width: 265px;height: 265px\" src=\"http:\/\/images-eu.amazon.com\/images\/P\/B0000560OC.08.LZZZZZZZ.jpg\" \/><br \/>\n<br \/><a href=\"http:\/\/www.sonymusic.fr\/larueketanou\/larueketanou\/nouvellepage1.htm\"><span style=\"font-weight: bold\">En attendant la caravane<\/span><\/a> &#8211; La Rue K\u00e9tanou<br \/>\n<br \/><img src=\"http:\/\/images-eu.amazon.com\/images\/G\/02\/detail\/stars-4-5.gif\" \/><\/p>\n<div style=\"text-align: justify\">\n<div style=\"text-align: justify\">Projecto nascido em 1996 quando tr\u00eas jovens actores\/saltimbancos decidiram criar um espectaculo musical pretendendo fazer reviver as tradi\u00e7\u00f5es da can\u00e7\u00e3o de rua, m\u00fasica n\u00f3mada por natureza e cigana por tradi\u00e7\u00e3o, embora aqui com diversas influ\u00eancias. Assim, <span style=\"font-weight: bold\">Mourad, Florent e Olivier Leite<\/span> criaram um espectaculo de rua que devido ao enorme sucesso alcan\u00e7ado foi posteriormente transposto para a estrada num espect\u00e1culo c\u00e9nico que percorreu in\u00fameros teatros, caf\u00e9s-teatros, bares e ruas um pouco por toda a Fran\u00e7a, Irlanda, Nova Iorque e tamb\u00e9m por Portugal(uma vez que Olivier Leite \u00e9 luso-descendente).<\/p>\n<p>Um dos seus lemas de vida: <span style=\"font-style: italic\"><span style=\"font-weight: bold\">\u201cC\u2019est pas nous qui sommes \u00e0 la rue, c\u2019est la rue K\u00e9tanou\u201d<\/span><\/span> sintetiza perfeitamente o esp\u00edrito por detr\u00e1s deste projecto.<\/p>\n<p>Este \u00e1lbum, o primeiro da sua carreira, \u00e9 composto por 16 temas, onde pontificam o som do acorde\u00e3o, com temas marcadamente de influ\u00eancia cigana, mas tamb\u00e9m com liga\u00e7\u00f5es aos blues, ao hip-hop, h\u00e1 tradicional can\u00e7\u00e3o francesa, bem como, reminisc\u00eancias da velha m\u00fasica de cabar\u00e9, da antiga bo\u00e9mia parasiense e de feira medieval.<\/p>\n<p>No entanto, o factor de maior realce prende-se com o teor das letras que comp\u00f5em este \u00e1lbum. Numa Fran\u00e7a cada vez mais marcada pela repress\u00e3o e combate contra os direitos dos emigrantes e desfavorecidos em geral, as letras deste trabalho falam de integra\u00e7\u00e3o, de respeito pelas diferen\u00e7as, pelo direito de voto dos emigrantes, pelo tratamento igualit\u00e1rio do ser humano,etc. Procuram portanto atrav\u00e9s da m\u00fasica passar uma mensagem de esperan\u00e7a, mas igualmente de reivindica\u00e7\u00e3o dos direitos dos emigrantes e dos desfavorecidos.<\/p>\n<p>Um excelente projecto musical que para al\u00e9m de apresentar boa m\u00fasica pretende ter um papel de interven\u00e7\u00e3o, o que hoje em dia, por raz\u00f5es correntemente comerciais, vai infelizmente escasseando.<\/p>\n<p>Das 16 m\u00fasicas que integram este CD, destacam-se: <span style=\"font-weight: bold\">\u00abLes mots\u00bb; \u00abBonhomme de chien\u00bb; \u00ab Tu parles trop\u00bb; \u00abLa fianc\u00e9e de l&#8217;eau\u00bb; \u00abMohammed\u00bb; \u00abLe clandestin\u00bb<\/span>, para al\u00e9m da m\u00fasica que d\u00e1 nome ao projecto e que abre este trabalho <span style=\"font-weight: bold\">\u00abLa rue K\u00e9tanou\u00bb<\/span>, que tem a particularidade de ter alguns versos em Portugu\u00eas:<\/p>\n<p><span style=\"font-style: italic\">&#8220;C&#8217;est pas nous qui sommes \u00e0 la rue, <\/span><br \/>\n<br \/><span style=\"font-style: italic\">C&#8217;est la Rue K\u00e9tanou <\/span><br \/>\n<br \/><span style=\"font-style: italic;font-weight: bold\">N\u00e3o sou eu que sou da rua, <\/span><br \/>\n<br \/> <span style=\"font-style: italic\"><span style=\"font-weight: bold\">E a rua que \u00e9 nossa.<\/span>&#8221; <\/span><\/p>\n<p>Deixa-se aqui um salteado de algumas das letras deste \u00e1lbum:<\/p>\n<p><span style=\"font-style: italic\">&#8220;Aujourd&#8217;hui grande vente aux ench\u00e8res, <\/span><br \/>\n<br \/><span style=\"font-style: italic\">On ach\u00e8te des mots d&#8217;occasion <\/span><br \/>\n<br \/><span style=\"font-style: italic\">Des mots \u00e0 la page et pas chers <\/span><br \/>\n<br \/><span style=\"font-style: italic\">Et puis des mots de collection. <\/span><br \/>\n<br \/><span style=\"font-style: italic\">Un mot pour tous, tous pour un mot, <\/span><br \/>\n<br \/><span style=\"font-style: italic\">Un mot pour tous, tous pour un mot.&#8221;<\/span><\/p>\n<p><span style=\"font-style: italic\">&#8220;Tu parles trop, tu parles trop, tu parles trop <\/span><br \/>\n<br \/><span style=\"font-style: italic\">Tu n&#8217;\u00e9coutes plus personne et plus personne ne t&#8217;\u00e9coute&#8221;<\/span><\/p>\n<p><span style=\"font-style: italic\">&#8220;Clandestinement dans Paris<\/span><br \/>\n<br \/><span style=\"font-style: italic\">Il regonfle tout son courage<\/span><br \/>\n<br \/><span style=\"font-style: italic\">Il sait le secret \u00e9crit<\/span><br \/>\n<br \/><span style=\"font-style: italic\">Entre les lignes de son visage&#8221;<\/span><\/p>\n<p><span style=\"font-style: italic\">&#8220;Je m&#8217;appelle Mohammed<\/span><br \/>\n<br \/><span style=\"font-style: italic\">Tout le monde il me connaisse<\/span><br \/>\n<br \/><span style=\"font-style: italic\">J&#8217;aurais pu m&#8217;appeler Joseph<\/span><br \/>\n<br \/><span style=\"font-style: italic\">Mais je m&#8217;appelle Mohammed&#8221;<\/span><br \/>\n<\/div>\n<\/div>","protected":false},"excerpt":{"rendered":"<p>En attendant la caravane &#8211; La Rue K\u00e9tanou Projecto nascido em 1996 quando tr\u00eas jovens actores\/saltimbancos decidiram criar um espectaculo musical pretendendo fazer reviver as tradi\u00e7\u00f5es da can\u00e7\u00e3o de rua, m\u00fasica n\u00f3mada por natureza e cigana por tradi\u00e7\u00e3o, embora aqui com diversas influ\u00eancias. Assim, Mourad, Florent e Olivier Leite criaram um espectaculo de rua que<\/p>","protected":false},"author":1,"featured_media":0,"comment_status":"open","ping_status":"open","sticky":false,"template":"","format":"standard","meta":[],"categories":[1],"tags":[],"_links":{"self":[{"href":"https:\/\/www.ecletismomusical.pt\/en\/wp-json\/wp\/v2\/posts\/1118"}],"collection":[{"href":"https:\/\/www.ecletismomusical.pt\/en\/wp-json\/wp\/v2\/posts"}],"about":[{"href":"https:\/\/www.ecletismomusical.pt\/en\/wp-json\/wp\/v2\/types\/post"}],"author":[{"embeddable":true,"href":"https:\/\/www.ecletismomusical.pt\/en\/wp-json\/wp\/v2\/users\/1"}],"replies":[{"embeddable":true,"href":"https:\/\/www.ecletismomusical.pt\/en\/wp-json\/wp\/v2\/comments?post=1118"}],"version-history":[{"count":0,"href":"https:\/\/www.ecletismomusical.pt\/en\/wp-json\/wp\/v2\/posts\/1118\/revisions"}],"wp:attachment":[{"href":"https:\/\/www.ecletismomusical.pt\/en\/wp-json\/wp\/v2\/media?parent=1118"}],"wp:term":[{"taxonomy":"category","embeddable":true,"href":"https:\/\/www.ecletismomusical.pt\/en\/wp-json\/wp\/v2\/categories?post=1118"},{"taxonomy":"post_tag","embeddable":true,"href":"https:\/\/www.ecletismomusical.pt\/en\/wp-json\/wp\/v2\/tags?post=1118"}],"curies":[{"name":"wp","href":"https:\/\/api.w.org\/{rel}","templated":true}]}}