{"id":1120,"date":"2004-10-29T13:00:00","date_gmt":"2004-10-29T13:00:00","guid":{"rendered":"https:\/\/ecletismomusical.pt\/pop-rock-flamenco-jazz-luz\/"},"modified":"2004-10-29T13:00:00","modified_gmt":"2004-10-29T13:00:00","slug":"pop-rock-flamenco-jazz-luz","status":"publish","type":"post","link":"https:\/\/www.ecletismomusical.pt\/en\/pop-rock-flamenco-jazz-luz\/","title":{"rendered":"Pop + Rock + Flamenco + Jazz = Luz"},"content":{"rendered":"<p><img style=\"width: 278px;height: 237px\" src=\"http:\/\/www.coveralia.com\/audio\/l\/Luz-Sencilla_Alegria-Frontal.jpg\" \/><br \/>\n<br \/><a href=\"http:\/\/www.luzcasal.es\/\"><span style=\"font-weight: bold\">Sencilla Alegria<\/span><\/a> &#8211; Luz Casal<br \/>\n<br \/><img src=\"http:\/\/images-eu.amazon.com\/images\/G\/02\/detail\/stars-4-0.gif\" \/><\/p>\n<div style=\"text-align: justify\">Gravado entre Espanha e o sul de Fran\u00e7a em apenas sete dias, este \u00e9 o d\u00e9cimo \u00e1lbum de originais da cantora Galega Luz Casal. Neste trabalho, a experiente cantora demonstra claros sinais de vitalidade, produzindo num curto espa\u00e7o de tempo um excelente \u00e1lbum.<\/p>\n<p>Luz, que dificilmente poder\u00e1 ser enquadrada num g\u00e9nero musical espec\u00edfico, junta neste \u00e1lbum arrebatantes baladas a temas marcadamente rock, demonstrando toda a sua versatilidade.<\/p>\n<p>Este trabalho tem produ\u00e7\u00e3o art\u00edstica de <span style=\"font-weight: bold\">Javier Lim\u00f3n<\/span> que sintetiza de forma perfeita aquilo que Luz representa enquanto cantora: <span style=\"font-style: italic\">&#8220;Luz tiene cualidades muy diversas. Tiene la personalidad de los cantantes de rock; una afinidad que bi\u00e9n podr\u00eda ser jazzera \u00f3 cl\u00e1sica; y un ritmo y nivel de expresi\u00f3n como los del cante flamenco o el tango. Es decir, todo un lujo&#8221;<\/span><\/p>\n<p>Curiosas s\u00e3o tamb\u00e9m as colabora\u00e7\u00f5es presentes neste \u00e1lbum, especialmente a de <span style=\"font-weight: bold\">Chris Barron<\/span> (Spin Doctors). Tamb\u00e9m colaboram Pablo Guerrero, Henri Salvador (cantor franc\u00eas de 86 anos de idade) e <span style=\"font-weight: bold\">Rui Veloso<\/span>. O m\u00fasico portugu\u00eas comp\u00f4s a m\u00fasica do tema <span style=\"font-weight: bold\">\u00abMi Memoria\u00bb<\/span> a que Luz juntou um poema de sua autoria, constru\u00edndo um dos melhores temas deste trabalho.<\/p>\n<p>O \u00e1lbum \u00e9 composto por 11 temas, de onde se destacam para al\u00e9m do j\u00e1 referido tema com a participa\u00e7\u00e3o de Rui Veloso, faixas como: <span style=\"font-weight: bold\">\u00abUn nuevo d\u00eda Brillara\u00bb; \u00abSencilla Alegr\u00eda\u00bb; \u00abNoches Blancas\u00bb<\/span> and <span style=\"font-weight: bold\">\u00abNegra Sombra\u00bb<\/span> tema original do novo filme de Alejandro Amen\u00e1bar, intitulado \u00abMar adentro\u00bb.<\/p>\n<\/div>","protected":false},"excerpt":{"rendered":"<p>Sencilla Alegria &#8211; Luz Casal Gravado entre Espanha e o sul de Fran\u00e7a em apenas sete dias, este \u00e9 o d\u00e9cimo \u00e1lbum de originais da cantora Galega Luz Casal. Neste trabalho, a experiente cantora demonstra claros sinais de vitalidade, produzindo num curto espa\u00e7o de tempo um excelente \u00e1lbum. Luz, que dificilmente poder\u00e1 ser enquadrada num<\/p>","protected":false},"author":1,"featured_media":0,"comment_status":"open","ping_status":"open","sticky":false,"template":"","format":"standard","meta":[],"categories":[1],"tags":[],"_links":{"self":[{"href":"https:\/\/www.ecletismomusical.pt\/en\/wp-json\/wp\/v2\/posts\/1120"}],"collection":[{"href":"https:\/\/www.ecletismomusical.pt\/en\/wp-json\/wp\/v2\/posts"}],"about":[{"href":"https:\/\/www.ecletismomusical.pt\/en\/wp-json\/wp\/v2\/types\/post"}],"author":[{"embeddable":true,"href":"https:\/\/www.ecletismomusical.pt\/en\/wp-json\/wp\/v2\/users\/1"}],"replies":[{"embeddable":true,"href":"https:\/\/www.ecletismomusical.pt\/en\/wp-json\/wp\/v2\/comments?post=1120"}],"version-history":[{"count":0,"href":"https:\/\/www.ecletismomusical.pt\/en\/wp-json\/wp\/v2\/posts\/1120\/revisions"}],"wp:attachment":[{"href":"https:\/\/www.ecletismomusical.pt\/en\/wp-json\/wp\/v2\/media?parent=1120"}],"wp:term":[{"taxonomy":"category","embeddable":true,"href":"https:\/\/www.ecletismomusical.pt\/en\/wp-json\/wp\/v2\/categories?post=1120"},{"taxonomy":"post_tag","embeddable":true,"href":"https:\/\/www.ecletismomusical.pt\/en\/wp-json\/wp\/v2\/tags?post=1120"}],"curies":[{"name":"wp","href":"https:\/\/api.w.org\/{rel}","templated":true}]}}