{"id":1122,"date":"2004-10-24T18:15:00","date_gmt":"2004-10-24T18:15:00","guid":{"rendered":"https:\/\/ecletismomusical.pt\/if-de-volta\/"},"modified":"2004-10-24T18:15:00","modified_gmt":"2004-10-24T18:15:00","slug":"if-de-volta","status":"publish","type":"post","link":"https:\/\/www.ecletismomusical.pt\/en\/if-de-volta\/","title":{"rendered":"IF de Volta!"},"content":{"rendered":"<p><img style=\"width: 126px;height: 135px\" src=\"http:\/\/intima.blogspot.com\/iflogogrande.jpg\" \/><\/p>\n<div style=\"text-align: justify\">A n\u00e3o perder hoje \u00e0s 24h a 2\u00aa emiss\u00e3o da IF agora na RUC. Francisco Amaral est\u00e1 de volta! A r\u00e1dio volta a ter no ar um dos seus melhores programas de sempre. <span style=\"font-style: italic\"><\/p>\n<p>\u00abRegresso ao \u00e9ter.<\/span><br \/>\n<br \/><span style=\"font-style: italic\">Noites de domingo para segunda, \u00e0 meia-noite, na RUC &#8211; R\u00e1dio Universidade de Coimbra. J\u00e1 no final deste fim-de-semana.<\/span><br \/>\n<br \/><span style=\"font-style: italic\">Em 107.9 FM e na <a href=\"http:\/\/www.ruc.pt:8000\/\">Net<\/a>.<\/span><br \/>\n<br \/><span style=\"font-style: italic\">Tentarei colocar online as emiss\u00f5es, para quem n\u00e3o conseguir captar em directo.<\/span><br \/>\n<br \/><span style=\"font-style: italic\">Para j\u00e1.<\/span><br \/>\n<br \/><span style=\"font-style: italic\">Em breve, explicarei aqui as raz\u00f5es desta op\u00e7\u00e3o.<\/span><br \/>\n<br \/><span style=\"font-style: italic\">Obrigado \u00e0 RUC. Obrigado a todos os que n\u00e3o abdicaram da IF durante este ano de quase aus\u00eancia.<\/span><br \/>\n<br \/><span style=\"font-style: italic\">Pouco para dizer, muito para escutar, tudo para sentir.\u00bb<\/span><br \/>\n<\/div>\n<p>In <a href=\"http:\/\/intima.blogspot.com\/\">\u00cdntima Frac\u00e7\u00e3o<\/a><br \/><\/p>","protected":false},"excerpt":{"rendered":"<p>A n\u00e3o perder hoje \u00e0s 24h a 2\u00aa emiss\u00e3o da IF agora na RUC. Francisco Amaral est\u00e1 de volta! A r\u00e1dio volta a ter no ar um dos seus melhores programas de sempre. \u00abRegresso ao \u00e9ter. Noites de domingo para segunda, \u00e0 meia-noite, na RUC &#8211; R\u00e1dio Universidade de Coimbra. J\u00e1 no final deste fim-de-semana.<\/p>","protected":false},"author":1,"featured_media":0,"comment_status":"open","ping_status":"open","sticky":false,"template":"","format":"standard","meta":[],"categories":[1],"tags":[],"_links":{"self":[{"href":"https:\/\/www.ecletismomusical.pt\/en\/wp-json\/wp\/v2\/posts\/1122"}],"collection":[{"href":"https:\/\/www.ecletismomusical.pt\/en\/wp-json\/wp\/v2\/posts"}],"about":[{"href":"https:\/\/www.ecletismomusical.pt\/en\/wp-json\/wp\/v2\/types\/post"}],"author":[{"embeddable":true,"href":"https:\/\/www.ecletismomusical.pt\/en\/wp-json\/wp\/v2\/users\/1"}],"replies":[{"embeddable":true,"href":"https:\/\/www.ecletismomusical.pt\/en\/wp-json\/wp\/v2\/comments?post=1122"}],"version-history":[{"count":0,"href":"https:\/\/www.ecletismomusical.pt\/en\/wp-json\/wp\/v2\/posts\/1122\/revisions"}],"wp:attachment":[{"href":"https:\/\/www.ecletismomusical.pt\/en\/wp-json\/wp\/v2\/media?parent=1122"}],"wp:term":[{"taxonomy":"category","embeddable":true,"href":"https:\/\/www.ecletismomusical.pt\/en\/wp-json\/wp\/v2\/categories?post=1122"},{"taxonomy":"post_tag","embeddable":true,"href":"https:\/\/www.ecletismomusical.pt\/en\/wp-json\/wp\/v2\/tags?post=1122"}],"curies":[{"name":"wp","href":"https:\/\/api.w.org\/{rel}","templated":true}]}}