{"id":1123,"date":"2004-10-24T17:27:00","date_gmt":"2004-10-24T17:27:00","guid":{"rendered":"https:\/\/ecletismomusical.pt\/prenda-de-natal\/"},"modified":"2004-10-24T17:27:00","modified_gmt":"2004-10-24T17:27:00","slug":"prenda-de-natal","status":"publish","type":"post","link":"https:\/\/www.ecletismomusical.pt\/en\/prenda-de-natal\/","title":{"rendered":"Prenda de Natal"},"content":{"rendered":"<p><img src=\"http:\/\/www.mairie-metz.fr:8080\/METZ\/ANIM\/PARMOIS\/images\/PICTO_Lhasa.jpg\" \/><\/p>\n<div style=\"text-align: justify\">Durante o pr\u00f3ximo m\u00eas de Dezembro, segundo informa\u00e7\u00e3o disponibilizada atrav\u00e9s do <a href=\"http:\/\/mapage.noos.fr\/weblhasa\/v2\/nouvelles\/fr_datesdeconcert.html\">site semi-oficial<\/a>, <span style=\"font-weight: bold\">Lhasa de Sela<\/span> voltar\u00e1 a Portugal para dois concertos:<\/p>\n<p>06\/12\/2004 Portugal\tLisbonne\tAula Magna<br \/>\n<br \/>07\/12\/2004 Portugal\tFamalic\u00e3o\tCasa das Artes<\/p>\n<p>Infelizmente ainda n\u00e3o existem informa\u00e7\u00f5es sobre a aquisi\u00e7\u00e3o de bilhetes.<\/p>\n<p>A n\u00e3o perder!<br \/>\n<\/div>","protected":false},"excerpt":{"rendered":"<p>Durante o pr\u00f3ximo m\u00eas de Dezembro, segundo informa\u00e7\u00e3o disponibilizada atrav\u00e9s do site semi-oficial, Lhasa de Sela voltar\u00e1 a Portugal para dois concertos: 06\/12\/2004 Portugal Lisbonne Aula Magna 07\/12\/2004 Portugal Famalic\u00e3o Casa das Artes Infelizmente ainda n\u00e3o existem informa\u00e7\u00f5es sobre a aquisi\u00e7\u00e3o de bilhetes. A n\u00e3o perder!<\/p>","protected":false},"author":1,"featured_media":0,"comment_status":"open","ping_status":"open","sticky":false,"template":"","format":"standard","meta":[],"categories":[1],"tags":[],"_links":{"self":[{"href":"https:\/\/www.ecletismomusical.pt\/en\/wp-json\/wp\/v2\/posts\/1123"}],"collection":[{"href":"https:\/\/www.ecletismomusical.pt\/en\/wp-json\/wp\/v2\/posts"}],"about":[{"href":"https:\/\/www.ecletismomusical.pt\/en\/wp-json\/wp\/v2\/types\/post"}],"author":[{"embeddable":true,"href":"https:\/\/www.ecletismomusical.pt\/en\/wp-json\/wp\/v2\/users\/1"}],"replies":[{"embeddable":true,"href":"https:\/\/www.ecletismomusical.pt\/en\/wp-json\/wp\/v2\/comments?post=1123"}],"version-history":[{"count":0,"href":"https:\/\/www.ecletismomusical.pt\/en\/wp-json\/wp\/v2\/posts\/1123\/revisions"}],"wp:attachment":[{"href":"https:\/\/www.ecletismomusical.pt\/en\/wp-json\/wp\/v2\/media?parent=1123"}],"wp:term":[{"taxonomy":"category","embeddable":true,"href":"https:\/\/www.ecletismomusical.pt\/en\/wp-json\/wp\/v2\/categories?post=1123"},{"taxonomy":"post_tag","embeddable":true,"href":"https:\/\/www.ecletismomusical.pt\/en\/wp-json\/wp\/v2\/tags?post=1123"}],"curies":[{"name":"wp","href":"https:\/\/api.w.org\/{rel}","templated":true}]}}