{"id":1126,"date":"2004-10-24T00:25:00","date_gmt":"2004-10-24T00:25:00","guid":{"rendered":"https:\/\/ecletismomusical.pt\/momento-de-extravasacao\/"},"modified":"2004-10-24T00:25:00","modified_gmt":"2004-10-24T00:25:00","slug":"momento-de-extravasacao","status":"publish","type":"post","link":"https:\/\/www.ecletismomusical.pt\/en\/momento-de-extravasacao\/","title":{"rendered":"Momento de Extravasa\u00e7\u00e3o"},"content":{"rendered":"<p><img style=\"width: 276px;height: 271px\" src=\"http:\/\/images-eu.amazon.com\/images\/P\/B0002IVMJ8.02.LZZZZZZZ.jpg\" \/><br \/>\n<br \/><a href=\"http:\/\/www.jeanmicheljarre.com\/\"><span style=\"font-weight: bold\">Aero<\/span><\/a> &#8211; Jean Michel Jarre<br \/>\n<br \/><img src=\"http:\/\/images-eu.amazon.com\/images\/G\/02\/detail\/stars-4-0.gif\" \/><\/p>\n<p><\/p>\n<div style=\"text-align: justify\">\n<div style=\"text-align: justify\"><span style=\"font-weight: bold\">Jean Michel Jarre<\/span> apresenta neste seu novo \u00e1lbum um conjunto das suas melhores composi\u00e7\u00f5es, acompanhadas de quatro temas novos. Todos os temas foram regravados com aproveitamento dos novos meios tecnol\u00f3gicos, nomeadamente, a imagem de alta resolu\u00e7\u00e3o do DVD que acompanha o CD, bem como, o som digital 5.1.<\/p>\n<p>Desde sempre conhecido por ser um dos pioneiros da m\u00fasica electr\u00f3nica, Jarre continua a estar claramente na linha da frente das novas tend\u00eancias , sendo mesmo este Aero, o primeiro \u00e1lbum do mundo totalmente feito com recurso ao sistema de som <span style=\"font-style: italic\">surround 5.1<\/span>.<\/p>\n<p>De uma qualidade sonora, at\u00e9 agora, desconhecida em termos de cria\u00e7\u00e3o musical, <span style=\"font-weight: bold\">\u00abAero\u00bb<\/span> transporta-nos para um novo mundo long\u00ednquo, mas paradoxalmente, alojado bem no interior das nossas cabe\u00e7as. A diferen\u00e7a entre a qualidade de som de um \u00e1lbum produzido nos normais 2 canais, ou seja, em stereo, e a qualidade deste trabalho criado de ra\u00edz com a utiliza\u00e7\u00e3o do 5.1 \u00e9 abissal.<\/p>\n<p>\u00abAero\u00bb \u00e9 composto de um CD e de um DVD. O DVD tem uma particularidade interessante, esses bonitos olhos que podem ver na capa do CD, que pertencem a Anne Parillaud (Nikita), aparecem-nos num grande plano de alta defini\u00e7\u00e3o reagindo emocionalmente h\u00e1 m\u00fasica que vamos ouvindo como fundo, isto durante os 75 minutos de dura\u00e7\u00e3o do \u00e1lbum.<\/p>\n<p>De real\u00e7ar ainda neste <span style=\"font-weight: bold\"><span style=\"font-style: italic\">best of,<\/span><\/span> a capacidade que Jarre demonstra em se reinventar, especialmente por, com a ajuda de Joachim Garraud, ter conseguido uma impressionante optimiza\u00e7\u00e3o da qualidade do audio, para al\u00e9m da cria\u00e7\u00e3o de sequ\u00eancias especiais de transi\u00e7\u00e3o entre os temas, denominadas <span style=\"font-style: italic\"><span style=\"font-style: italic\">\u00abscenes\u00bb<\/span><\/span>.<br \/>\n<\/div>\n<p>A ouvir com particular aten\u00e7\u00e3o procurando aprender e apreender aquilo que traduz a vanguarda musical.<br \/>\n<\/div>\n<p> <span style=\"font-weight: bold\"><\/span><span style=\"font-weight: bold\"><\/span><\/p>","protected":false},"excerpt":{"rendered":"<p>Aero &#8211; Jean Michel Jarre Jean Michel Jarre apresenta neste seu novo \u00e1lbum um conjunto das suas melhores composi\u00e7\u00f5es, acompanhadas de quatro temas novos. Todos os temas foram regravados com aproveitamento dos novos meios tecnol\u00f3gicos, nomeadamente, a imagem de alta resolu\u00e7\u00e3o do DVD que acompanha o CD, bem como, o som digital 5.1. Desde sempre<\/p>","protected":false},"author":1,"featured_media":0,"comment_status":"open","ping_status":"open","sticky":false,"template":"","format":"standard","meta":[],"categories":[1],"tags":[],"_links":{"self":[{"href":"https:\/\/www.ecletismomusical.pt\/en\/wp-json\/wp\/v2\/posts\/1126"}],"collection":[{"href":"https:\/\/www.ecletismomusical.pt\/en\/wp-json\/wp\/v2\/posts"}],"about":[{"href":"https:\/\/www.ecletismomusical.pt\/en\/wp-json\/wp\/v2\/types\/post"}],"author":[{"embeddable":true,"href":"https:\/\/www.ecletismomusical.pt\/en\/wp-json\/wp\/v2\/users\/1"}],"replies":[{"embeddable":true,"href":"https:\/\/www.ecletismomusical.pt\/en\/wp-json\/wp\/v2\/comments?post=1126"}],"version-history":[{"count":0,"href":"https:\/\/www.ecletismomusical.pt\/en\/wp-json\/wp\/v2\/posts\/1126\/revisions"}],"wp:attachment":[{"href":"https:\/\/www.ecletismomusical.pt\/en\/wp-json\/wp\/v2\/media?parent=1126"}],"wp:term":[{"taxonomy":"category","embeddable":true,"href":"https:\/\/www.ecletismomusical.pt\/en\/wp-json\/wp\/v2\/categories?post=1126"},{"taxonomy":"post_tag","embeddable":true,"href":"https:\/\/www.ecletismomusical.pt\/en\/wp-json\/wp\/v2\/tags?post=1126"}],"curies":[{"name":"wp","href":"https:\/\/api.w.org\/{rel}","templated":true}]}}