{"id":1130,"date":"2004-10-14T11:30:00","date_gmt":"2004-10-14T11:30:00","guid":{"rendered":"https:\/\/ecletismomusical.pt\/viciante\/"},"modified":"2004-10-14T11:30:00","modified_gmt":"2004-10-14T11:30:00","slug":"viciante","status":"publish","type":"post","link":"https:\/\/www.ecletismomusical.pt\/en\/viciante\/","title":{"rendered":"Viciante"},"content":{"rendered":"<p><img src=\"http:\/\/attambur.com\/Imagens0\/Banco34\/ANaifa1m.jpg\" \/><span style=\"font-weight: bold\">* <\/span><br \/>\n<br \/><a href=\"http:\/\/www.anaifa.com\/\"><span style=\"font-weight: bold\">Can\u00e7\u00f5es Subterr\u00e2neas<\/span><\/a> &#8211; A Naifa<br \/>\n<br \/><img src=\"http:\/\/images-eu.amazon.com\/images\/G\/02\/detail\/stars-4-5.gif\" \/><\/p>\n<div style=\"text-align: justify\">Contrariando frontalmente todos aqueles que costumam acusar a m\u00fasica portuguesa de n\u00e3o ter capacidade de inova\u00e7\u00e3o e de os seus executantes se limitarem a copiar formas de sucesso mais ou menos seguras, foi recentemente lan\u00e7ado no mercado este <span style=\"font-weight: bold\">\u00abCan\u00e7\u00f5es Subterr\u00e2neas\u00bb<\/span>.<\/p>\n<p>Na verdade, este projecto de <span style=\"font-weight: bold\">Jo\u00e3o Aguardela<\/span> (ex-Sitiados) e <span style=\"font-weight: bold\">Luis Varatojo<\/span> (Peste &#038; Sida) recria de uma forma magistral o fado, dando-lhe uma roupagem pop irresist\u00edvel.<\/p>\n<p>Importa n\u00e3o esquecer, porque \u00e9 elemento vital neste projecto, a maravilhosa voz da at\u00e9 ent\u00e3o totalmente desconhecida <span style=\"font-weight: bold\">Maria Ant\u00f3nia Mendes<\/span>, detentora de uma voz absolutamente surpreendente que confere aos poemas um valor acrescido.<\/p>\n<p>Poemas esses escritos por uma nova gera\u00e7\u00e3o de poetas, desde a controversa Ad\u00edlia Lopes, passando por nomes como Carlos Lu\u00eds Bessa, Nuno Moura, Jos\u00e9 Miguel Silva e Tiago Gomes, contando ainda com a colabora\u00e7\u00e3o de Jos\u00e9 Lu\u00eds Peixoto.<\/p>\n<p>Do \u00e1lbum fazem parte 11 temas, que percorrem a sonoridade da can\u00e7\u00e3o popular de Lisboa, revestida aqui com mestria de um pop puro, verdadeiro e que faz todo o sentido. De entre as faixas, s\u00e3o de salientar, para al\u00e9m do <span style=\"font-style: italic\">single <\/span><span style=\"font-weight: bold\">\u00abM\u00fasica\u00bb, <\/span>temas como: <span style=\"font-weight: bold\">\u00abSkipping\u00bb<\/span>, <span style=\"font-weight: bold\">\u00abMetereol\u00f3gica\u00bb<\/span> and <span style=\"font-weight: bold\">\u00abOs Milagres Acontecem\u00bb.<\/p>\n<p><\/span>Estamos portanto perante um excelente projecto da nova m\u00fasica portuguesa que resultou num feliz casamento entre a criatividade musical e os excelentes poemas de alguns dos novos poetas portugueses.<span style=\"font-weight: bold\"><br \/>\n<br \/><\/span><\/div>\n<p><span style=\"font-weight: bold\">*<\/span> imagem retirada de <a href=\"http:\/\/attambur.com\/Noticias\/20043t\/anaifa.htm\">At-Tambur<\/a><\/p>","protected":false},"excerpt":{"rendered":"<p>* Can\u00e7\u00f5es Subterr\u00e2neas &#8211; A Naifa Contrariando frontalmente todos aqueles que costumam acusar a m\u00fasica portuguesa de n\u00e3o ter capacidade de inova\u00e7\u00e3o e de os seus executantes se limitarem a copiar formas de sucesso mais ou menos seguras, foi recentemente lan\u00e7ado no mercado este \u00abCan\u00e7\u00f5es Subterr\u00e2neas\u00bb. Na verdade, este projecto de Jo\u00e3o Aguardela (ex-Sitiados) e<\/p>","protected":false},"author":1,"featured_media":0,"comment_status":"open","ping_status":"open","sticky":false,"template":"","format":"standard","meta":[],"categories":[1],"tags":[],"_links":{"self":[{"href":"https:\/\/www.ecletismomusical.pt\/en\/wp-json\/wp\/v2\/posts\/1130"}],"collection":[{"href":"https:\/\/www.ecletismomusical.pt\/en\/wp-json\/wp\/v2\/posts"}],"about":[{"href":"https:\/\/www.ecletismomusical.pt\/en\/wp-json\/wp\/v2\/types\/post"}],"author":[{"embeddable":true,"href":"https:\/\/www.ecletismomusical.pt\/en\/wp-json\/wp\/v2\/users\/1"}],"replies":[{"embeddable":true,"href":"https:\/\/www.ecletismomusical.pt\/en\/wp-json\/wp\/v2\/comments?post=1130"}],"version-history":[{"count":0,"href":"https:\/\/www.ecletismomusical.pt\/en\/wp-json\/wp\/v2\/posts\/1130\/revisions"}],"wp:attachment":[{"href":"https:\/\/www.ecletismomusical.pt\/en\/wp-json\/wp\/v2\/media?parent=1130"}],"wp:term":[{"taxonomy":"category","embeddable":true,"href":"https:\/\/www.ecletismomusical.pt\/en\/wp-json\/wp\/v2\/categories?post=1130"},{"taxonomy":"post_tag","embeddable":true,"href":"https:\/\/www.ecletismomusical.pt\/en\/wp-json\/wp\/v2\/tags?post=1130"}],"curies":[{"name":"wp","href":"https:\/\/api.w.org\/{rel}","templated":true}]}}