{"id":1139,"date":"2004-09-29T00:42:00","date_gmt":"2004-09-29T00:42:00","guid":{"rendered":"https:\/\/ecletismomusical.pt\/fado-pos-amalia\/"},"modified":"2004-09-29T00:42:00","modified_gmt":"2004-09-29T00:42:00","slug":"fado-pos-amalia","status":"publish","type":"post","link":"https:\/\/www.ecletismomusical.pt\/en\/fado-pos-amalia\/","title":{"rendered":"Fado P\u00f3s-Am\u00e1lia"},"content":{"rendered":"<div><img height=\"320\" src=\"http:\/\/images-eu.amazon.com\/images\/P\/B00008HCKE.01.LZZZZZZZ.jpg\" width=\"214\" \/><br \/>\n<br \/><strong><a href=\"http:\/\/www.cristinabranco.com\/pub\/disco\/sensus\/index.htm\">Sensus<\/a> &#8211;<\/strong> Cristina Branco<strong> <\/strong><br \/>\n<br \/><strong><img src=\"http:\/\/g-images.amazon.com\/images\/G\/01\/detail\/stars-4-5.gif\" \/><br \/>\n<br \/><\/strong><br \/>\n<br \/><img height=\"225\" src=\"http:\/\/attambur.com\/Imagens0\/Banco15\/Katia-m.jpg\" width=\"212\" \/><\/p>\n<p><strong><a href=\"http:\/\/www.katiaguerreiro.com\/\">Fado Maior<\/a><\/strong> &#8211; Katia Guerreiro<br \/>\n<br \/><img src=\"http:\/\/g-images.amazon.com\/images\/G\/01\/detail\/stars-4-5.gif\" \/><\/p>\n<p>Duas das maiores artistas da nova gera\u00e7\u00e3o do Fado. Cada uma no seu registo, uma <strong>Katia Guerreiro<\/strong> muito marcadamente numa linha amaliana e uma <strong>Cristina Branco<\/strong> num registo mais ecl\u00e9ctico, onde se sentem aqui e ali, algumas infu\u00eancias de ambientes fora do tradicional meio fadista. Tal como \u00e9 por exemplo o caso da sua magn\u00edfica interpreta\u00e7\u00e3o do cl\u00e1ssico de <strong>Chico Buarque &#8211; \u00abO Meu Amor\u00bb<\/strong> (3\u00aa faixa do \u00e1lbum).<\/p>\n<p>Talvez o aspecto mais curioso e que provocar\u00e1 naturalmente algumas reflex\u00f5es \u00e9 o de analisar os motivos pelos quais, estas novas vozes do fado, apesar de j\u00e1 terem, especialmente no caso da Cristina Branco, uma carreira consolidada e com v\u00e1rios \u00e1lbuns no mercado, eram at\u00e9 h\u00e1 muito pouco tempo verdadeiras desconhecidas em Portugal.<\/p>\n<p>Al\u00edas, a Cristina Branco passa mesmo quase toda a sua vida fora de Portugal, tendo uma carreira reconhecida em pa\u00edses como Fran\u00e7a, Belgica e Holanda. Tamb\u00e9m a Katia Guerreiro, desde a sua internacionaliza\u00e7\u00e3o, passou a ser reconhecida como um novo valor do Fado por essa europa fora.<\/p>\n<p>Ser\u00e1 Portugal, ainda demasiado preconceituoso relativamente ao Fado e \u00e0s suas conota\u00e7\u00f5es pol\u00edticas e sociais, ou n\u00e3o haver\u00e1 em Portugal espa\u00e7o e intelig\u00eancia suficiente para promover e aplaudir quem demonstra ter um pouco mais de qualidade do que a mediania que vai percorrendo os espa\u00e7os de divulga\u00e7\u00e3o cultural, aqui,  com particular destaque negativo para a TV portuguesa.<\/p>\n<p>Por incr\u00edvel que pare\u00e7a \u00e9 mais f\u00e1cil ver um document\u00e1rio sobre a Katia ou a Cristina no <em>Mezzo<\/em> do que em qualquer canal de televis\u00e3o portugu\u00eas.  Lament\u00e1vel.<\/p>\n<\/div>","protected":false},"excerpt":{"rendered":"<p>Sensus &#8211; Cristina Branco Fado Maior &#8211; Katia Guerreiro Duas das maiores artistas da nova gera\u00e7\u00e3o do Fado. Cada uma no seu registo, uma Katia Guerreiro muito marcadamente numa linha amaliana e uma Cristina Branco num registo mais ecl\u00e9ctico, onde se sentem aqui e ali, algumas infu\u00eancias de ambientes fora do tradicional meio fadista. Tal<\/p>","protected":false},"author":1,"featured_media":0,"comment_status":"open","ping_status":"open","sticky":false,"template":"","format":"standard","meta":[],"categories":[1],"tags":[],"_links":{"self":[{"href":"https:\/\/www.ecletismomusical.pt\/en\/wp-json\/wp\/v2\/posts\/1139"}],"collection":[{"href":"https:\/\/www.ecletismomusical.pt\/en\/wp-json\/wp\/v2\/posts"}],"about":[{"href":"https:\/\/www.ecletismomusical.pt\/en\/wp-json\/wp\/v2\/types\/post"}],"author":[{"embeddable":true,"href":"https:\/\/www.ecletismomusical.pt\/en\/wp-json\/wp\/v2\/users\/1"}],"replies":[{"embeddable":true,"href":"https:\/\/www.ecletismomusical.pt\/en\/wp-json\/wp\/v2\/comments?post=1139"}],"version-history":[{"count":0,"href":"https:\/\/www.ecletismomusical.pt\/en\/wp-json\/wp\/v2\/posts\/1139\/revisions"}],"wp:attachment":[{"href":"https:\/\/www.ecletismomusical.pt\/en\/wp-json\/wp\/v2\/media?parent=1139"}],"wp:term":[{"taxonomy":"category","embeddable":true,"href":"https:\/\/www.ecletismomusical.pt\/en\/wp-json\/wp\/v2\/categories?post=1139"},{"taxonomy":"post_tag","embeddable":true,"href":"https:\/\/www.ecletismomusical.pt\/en\/wp-json\/wp\/v2\/tags?post=1139"}],"curies":[{"name":"wp","href":"https:\/\/api.w.org\/{rel}","templated":true}]}}