{"id":1141,"date":"2004-09-23T20:19:00","date_gmt":"2004-09-23T20:19:00","guid":{"rendered":"https:\/\/ecletismomusical.pt\/acima-da-politica-sempre-a-arte\/"},"modified":"2004-09-23T20:19:00","modified_gmt":"2004-09-23T20:19:00","slug":"acima-da-politica-sempre-a-arte","status":"publish","type":"post","link":"https:\/\/www.ecletismomusical.pt\/en\/acima-da-politica-sempre-a-arte\/","title":{"rendered":"Acima da Pol\u00edtica&#8230;Sempre a Arte!"},"content":{"rendered":"<div><img height=\"350\" src=\"http:\/\/www.muldia.com\/arte\/silvio\/imagenes\/silvio_fot02.jpg\" width=\"230\" \/><br \/>\n<br \/><strong>Silvio Rodriguez<\/strong><br \/>\n<br \/><img src=\"http:\/\/g-images.amazon.com\/images\/G\/01\/detail\/stars-5-0.gif\" \/><\/p>\n<p>Um dos maiores nomes da <em><strong>Nueva Trova Cubana<\/strong><\/em>, construiu, ao longo de mais de 40 anos, juntamente com <strong>Pablo Milan\u00e9s<\/strong> uma carreira recheada de grandes \u00e1lbums.<\/p>\n<p>N\u00e3o questionado o facto de ser claramente um artista de interven\u00e7\u00e3o, tendo mesmo em alguns momentos feito parte do governo cubano, o que importa salientar na sua obra \u00e9 a excel\u00eancia das suas cria\u00e7\u00f5es, a beleza das suas melodias, a profus\u00e3o de sentimentos que resultam da audi\u00e7\u00e3o das suas composi\u00e7\u00f5es.<\/p>\n<p>Com mais de 30 \u00e1lbuns editados em diversos pa\u00edses, tem vindo progressivamente a alargar os seus horizontes musicais, parecendo nos \u00faltimos \u00e1lbuns &#8211; <strong>Expedicion<\/strong> de 2002 e <strong>Cita Con Angeles<\/strong> de 2003, querer introduzir alguns elementos electr\u00f3nicos, bem como, a grava\u00e7\u00e3o em conjunto com uma orquesta, criando uma roupagem mais forte, o que poder\u00e1 fazer h\u00e1 primeira vista esquecer um pouco a import\u00e2ncia das letras.<\/p>\n<p>Mas, o poeta continua bem vivo, e as letras mesmo convivendo agora com muitos outros instrumentos, para al\u00e9m da antiga e f\u00edel companheira voz e guitarra, n\u00e3o perderam a sua beleza e continuam a ser o ponto decisivo que tornam <strong>Silvio Rodriguez <\/strong>num artista a caminho do Ol\u00edmpo.<\/p>\n<\/div>\n<div>Um excelente site sobre a sua Obra &#8211; <a href=\"http:\/\/www.komunika.net\/silvio\/index.html\">Silvio Rodriguez<br \/>\n<br \/><\/a><br \/>\n<br \/><em><strong>\u201cTe doy una canci\u00f3n\u201d<br \/>\n<br \/><\/strong><br \/>\n<br \/>C\u00f3mo gasto papeles record\u00e1ndote,<br \/>\n<br \/>c\u00f3mo me haces hablar en el silencio,<br \/>\n<br \/>c\u00f3mo no te me quitas de las ganas<br \/>\n<br \/>aunque nadie me vea nunca contigo,<br \/>\n<br \/>y como pasa el tiempo que, de pronto son a\u00f1os<br \/>\n<br \/>sin pasar t\u00fa por mi, detenida.<\/p>\n<p>Te doy una canci\u00f3n si abro una puerta<br \/>\n<br \/>y de las sombras sales t\u00fa.<br \/>\n<br \/>Te doy una canci\u00f3n de madrugada,<br \/>\n<br \/>Cuando m\u00e1s quiero tu luz.<\/p>\n<p>Te doy una canci\u00f3n cuando apareces<br \/>\n<br \/>el misterio del amor,<br \/>\n<br \/>y si no lo apareces, no me importa:<br \/>\n<br \/>yo te doy una canci\u00f3n.<\/p>\n<p>Si miro un poco afuera, me detengo:<br \/>\n<br \/>la ciudad se derrumba y yo cantando.<br \/>\n<br \/>La gente que me odia y que me quiere<br \/>\n<br \/>no me va a perdonar que me distraiga.<br \/>\n<br \/>Creen que la digo todo, que me juego la vida,<br \/>\n<br \/>porque no te conocen ni te sienten.<\/p>\n<p>Te doy una canci\u00f3n y hago un discurso<br \/>\n<br \/>sobre mi derecho a hablar.<br \/>\n<br \/>Te doy una canci\u00f3n con mis dos manos,<br \/>\n<br \/>Con las mismas de matar.<\/p>\n<p>Te doy una canci\u00f3n y digo Patria,<br \/>\n<br \/>Y sigo hablando para ti,<br \/>\n<br \/>Te doy una canci\u00f3n como un disparo,<br \/>\n<br \/>como un libro, una palabra, una guerrilla:<br \/>\n<br \/>como doy el amor.<\/em> <\/div>","protected":false},"excerpt":{"rendered":"<p>Silvio Rodriguez Um dos maiores nomes da Nueva Trova Cubana, construiu, ao longo de mais de 40 anos, juntamente com Pablo Milan\u00e9s uma carreira recheada de grandes \u00e1lbums. N\u00e3o questionado o facto de ser claramente um artista de interven\u00e7\u00e3o, tendo mesmo em alguns momentos feito parte do governo cubano, o que importa salientar na sua<\/p>","protected":false},"author":1,"featured_media":0,"comment_status":"open","ping_status":"open","sticky":false,"template":"","format":"standard","meta":[],"categories":[1],"tags":[],"_links":{"self":[{"href":"https:\/\/www.ecletismomusical.pt\/en\/wp-json\/wp\/v2\/posts\/1141"}],"collection":[{"href":"https:\/\/www.ecletismomusical.pt\/en\/wp-json\/wp\/v2\/posts"}],"about":[{"href":"https:\/\/www.ecletismomusical.pt\/en\/wp-json\/wp\/v2\/types\/post"}],"author":[{"embeddable":true,"href":"https:\/\/www.ecletismomusical.pt\/en\/wp-json\/wp\/v2\/users\/1"}],"replies":[{"embeddable":true,"href":"https:\/\/www.ecletismomusical.pt\/en\/wp-json\/wp\/v2\/comments?post=1141"}],"version-history":[{"count":0,"href":"https:\/\/www.ecletismomusical.pt\/en\/wp-json\/wp\/v2\/posts\/1141\/revisions"}],"wp:attachment":[{"href":"https:\/\/www.ecletismomusical.pt\/en\/wp-json\/wp\/v2\/media?parent=1141"}],"wp:term":[{"taxonomy":"category","embeddable":true,"href":"https:\/\/www.ecletismomusical.pt\/en\/wp-json\/wp\/v2\/categories?post=1141"},{"taxonomy":"post_tag","embeddable":true,"href":"https:\/\/www.ecletismomusical.pt\/en\/wp-json\/wp\/v2\/tags?post=1141"}],"curies":[{"name":"wp","href":"https:\/\/api.w.org\/{rel}","templated":true}]}}