{"id":1143,"date":"2004-09-20T17:47:00","date_gmt":"2004-09-20T17:47:00","guid":{"rendered":"https:\/\/ecletismomusical.pt\/o-fado\/"},"modified":"2004-09-20T17:47:00","modified_gmt":"2004-09-20T17:47:00","slug":"o-fado","status":"publish","type":"post","link":"https:\/\/www.ecletismomusical.pt\/en\/o-fado\/","title":{"rendered":"O Fado"},"content":{"rendered":"<div><img height=\"214\" src=\"http:\/\/attambur.com\/Imagens0\/Banco32\/Camane2m.jpg\" \/><br \/>\n<br \/><strong><a href=\"http:\/\/www.vachier-producao.pt\/camane\/discografia.php?album=6&amp;nome=Como%20sempre...%20Como%20dantes&amp;idioma=pt\">Como Sempre&#8230;Como Dantes<\/a><\/strong> &#8211; Caman\u00e9<br \/>\n<br \/><img src=\"http:\/\/g-images.amazon.com\/images\/G\/01\/detail\/stars-4-5.gif\" \/><\/p>\n<p>Um \u00c1lbum duplo que cont\u00eam todos os \u00eaxitos do Fadista, uma das melhores vozes de sempre do panorama musical portugu\u00eas. O trabalho \u00e9 composto por dois CD\u00b4s, um gravado em v\u00e1rios espect\u00e1culos de Caman\u00e9 e um segundo gravado na Casa de Fados &#8220;O Embu\u00e7ado&#8221; onde Caman\u00e9 iniciou a sua carreira.<\/p>\n<p>Sem d\u00favida um excelente disco, quer para quem ainda n\u00e3o conhece as pontencialidades da sua voz, quer para quem tem acompanhado a sua brilhante carreira.<\/p><\/div>","protected":false},"excerpt":{"rendered":"<p>Como Sempre&#8230;Como Dantes &#8211; Caman\u00e9 Um \u00c1lbum duplo que cont\u00eam todos os \u00eaxitos do Fadista, uma das melhores vozes de sempre do panorama musical portugu\u00eas. O trabalho \u00e9 composto por dois CD\u00b4s, um gravado em v\u00e1rios espect\u00e1culos de Caman\u00e9 e um segundo gravado na Casa de Fados &#8220;O Embu\u00e7ado&#8221; onde Caman\u00e9 iniciou a sua carreira.<\/p>","protected":false},"author":1,"featured_media":0,"comment_status":"open","ping_status":"open","sticky":false,"template":"","format":"standard","meta":[],"categories":[1],"tags":[],"_links":{"self":[{"href":"https:\/\/www.ecletismomusical.pt\/en\/wp-json\/wp\/v2\/posts\/1143"}],"collection":[{"href":"https:\/\/www.ecletismomusical.pt\/en\/wp-json\/wp\/v2\/posts"}],"about":[{"href":"https:\/\/www.ecletismomusical.pt\/en\/wp-json\/wp\/v2\/types\/post"}],"author":[{"embeddable":true,"href":"https:\/\/www.ecletismomusical.pt\/en\/wp-json\/wp\/v2\/users\/1"}],"replies":[{"embeddable":true,"href":"https:\/\/www.ecletismomusical.pt\/en\/wp-json\/wp\/v2\/comments?post=1143"}],"version-history":[{"count":0,"href":"https:\/\/www.ecletismomusical.pt\/en\/wp-json\/wp\/v2\/posts\/1143\/revisions"}],"wp:attachment":[{"href":"https:\/\/www.ecletismomusical.pt\/en\/wp-json\/wp\/v2\/media?parent=1143"}],"wp:term":[{"taxonomy":"category","embeddable":true,"href":"https:\/\/www.ecletismomusical.pt\/en\/wp-json\/wp\/v2\/categories?post=1143"},{"taxonomy":"post_tag","embeddable":true,"href":"https:\/\/www.ecletismomusical.pt\/en\/wp-json\/wp\/v2\/tags?post=1143"}],"curies":[{"name":"wp","href":"https:\/\/api.w.org\/{rel}","templated":true}]}}