{"id":1152,"date":"2004-09-12T01:00:00","date_gmt":"2004-09-12T01:00:00","guid":{"rendered":"https:\/\/ecletismomusical.pt\/pouco-para-dizer-muito-para-escutar-tudo-para-sentir\/"},"modified":"2004-09-12T01:00:00","modified_gmt":"2004-09-12T01:00:00","slug":"pouco-para-dizer-muito-para-escutar-tudo-para-sentir","status":"publish","type":"post","link":"https:\/\/www.ecletismomusical.pt\/en\/pouco-para-dizer-muito-para-escutar-tudo-para-sentir\/","title":{"rendered":"\u00abPouco para dizer, muito para escutar, tudo para sentir.\u00bb"},"content":{"rendered":"<div>Para todos aqueles que se habituaram a ouvir e a gostar dos programas de autor feitos na r\u00e1dio portuguesa, aqui fica uma refer\u00eancia obrigat\u00f3ria para o blog do programa <a href=\"http:\/\/intima.blogspot.com\/\">\u00cdntima Frac\u00e7\u00e3o<\/a> de <strong>Francisco Amaral<\/strong>, que foi &#8220;suspenso&#8221; da grelha da <em>TSF<\/em> em Setembro de 2003. Programa este que completa em 2004 vinte anos de exist\u00eancia.<\/p>\n<p>No entanto, tal como \u00e9 referido pelo autor no seu <a href=\"http:\/\/intima.blogspot.com\/\">blog<\/a>:<\/p>\n<p><strong>A IF n\u00e3o acabou.<\/strong><br \/>\n<br \/>Est\u00e1 a cantar baixinho, parada, num caminho escuro \u00e0 espera da aurora.<br \/>\n<br \/><strong>A IF n\u00e3o acabou.<\/strong><br \/>\n<br \/>A maioria das aves que migram orientam-se pelo sol, mas h\u00e1 esp\u00e9cies que preferem utilizar as estrelas como b\u00fassula.<br \/>\n<br \/><strong>A IF n\u00e3o acabou.<\/strong><br \/>\n<br \/>Enquanto procura de novo &#8220;a casa&#8221;, embrulhar-se-\u00e1 na imensa rede e ficar\u00e1 \u00e0 espera do download de quem a amar.<br \/>\n<br \/><strong>A IF n\u00e3o acabou.<\/strong><br \/>\n<br \/>Observa bem e sente ! Sente mais do que v\u00eas &#8211; a escura noite, tornando-se, lentamente, em clara madrugada.<br \/>\n<br \/><strong>A IF n\u00e3o acabou.<\/strong><br \/>\n<br \/>&#8220;H\u00e1 um tra\u00e7o azul no futuro incandescente&#8221;.<\/p>\n<p><img src=\"http:\/\/intima.blogspot.com\/azulfuturo.gif\" \/><\/p>\n<p>Assim, o autor n\u00e3o desistiu de nos dar boa m\u00fasica tendo ao longo deste per\u00edodo de <em>pausa<\/em> da IF (no que ao \u00e9ter diz respeito), produzido 3 \u00abemiss\u00f5es\u00bb especiais que se encontram dispon\u00edveis para <a href=\"http:\/\/www.esec.pt\/radio\/programas\/intimafraccao\/if.html\">download<\/a>.<\/div>\n<div> <\/div>\n<div>Vale bem a pena conferir!<\/div>\n<div> <\/div>\n<div> <\/div>","protected":false},"excerpt":{"rendered":"<p>Para todos aqueles que se habituaram a ouvir e a gostar dos programas de autor feitos na r\u00e1dio portuguesa, aqui fica uma refer\u00eancia obrigat\u00f3ria para o blog do programa \u00cdntima Frac\u00e7\u00e3o de Francisco Amaral, que foi &#8220;suspenso&#8221; da grelha da TSF em Setembro de 2003. Programa este que completa em 2004 vinte anos de exist\u00eancia.<\/p>","protected":false},"author":1,"featured_media":0,"comment_status":"open","ping_status":"open","sticky":false,"template":"","format":"standard","meta":[],"categories":[1],"tags":[],"_links":{"self":[{"href":"https:\/\/www.ecletismomusical.pt\/en\/wp-json\/wp\/v2\/posts\/1152"}],"collection":[{"href":"https:\/\/www.ecletismomusical.pt\/en\/wp-json\/wp\/v2\/posts"}],"about":[{"href":"https:\/\/www.ecletismomusical.pt\/en\/wp-json\/wp\/v2\/types\/post"}],"author":[{"embeddable":true,"href":"https:\/\/www.ecletismomusical.pt\/en\/wp-json\/wp\/v2\/users\/1"}],"replies":[{"embeddable":true,"href":"https:\/\/www.ecletismomusical.pt\/en\/wp-json\/wp\/v2\/comments?post=1152"}],"version-history":[{"count":0,"href":"https:\/\/www.ecletismomusical.pt\/en\/wp-json\/wp\/v2\/posts\/1152\/revisions"}],"wp:attachment":[{"href":"https:\/\/www.ecletismomusical.pt\/en\/wp-json\/wp\/v2\/media?parent=1152"}],"wp:term":[{"taxonomy":"category","embeddable":true,"href":"https:\/\/www.ecletismomusical.pt\/en\/wp-json\/wp\/v2\/categories?post=1152"},{"taxonomy":"post_tag","embeddable":true,"href":"https:\/\/www.ecletismomusical.pt\/en\/wp-json\/wp\/v2\/tags?post=1152"}],"curies":[{"name":"wp","href":"https:\/\/api.w.org\/{rel}","templated":true}]}}