{"id":1159,"date":"2004-09-10T19:05:00","date_gmt":"2004-09-10T19:05:00","guid":{"rendered":"https:\/\/ecletismomusical.pt\/porque-as-modas-sao-a-angustia-de-um-povo\/"},"modified":"2004-09-10T19:05:00","modified_gmt":"2004-09-10T19:05:00","slug":"porque-as-modas-sao-a-angustia-de-um-povo","status":"publish","type":"post","link":"https:\/\/www.ecletismomusical.pt\/en\/porque-as-modas-sao-a-angustia-de-um-povo\/","title":{"rendered":"Porque as modas s\u00e3o a ang\u00fastia de um povo&#8230;"},"content":{"rendered":"<div>\n<br \/>Come\u00e7a aqui este blog que pretender\u00e1 ser apenas uma forma de aprendizagem e de comunica\u00e7\u00e3o, tendo como o nome indica, especial aten\u00e7\u00e3o ao que se vai fazendo um pouco por todo o mundo no que h\u00e1 m\u00fasica diz respeito. <\/div>","protected":false},"excerpt":{"rendered":"<p>Come\u00e7a aqui este blog que pretender\u00e1 ser apenas uma forma de aprendizagem e de comunica\u00e7\u00e3o, tendo como o nome indica, especial aten\u00e7\u00e3o ao que se vai fazendo um pouco por todo o mundo no que h\u00e1 m\u00fasica diz respeito.<\/p>","protected":false},"author":1,"featured_media":0,"comment_status":"open","ping_status":"open","sticky":false,"template":"","format":"standard","meta":[],"categories":[1],"tags":[],"_links":{"self":[{"href":"https:\/\/www.ecletismomusical.pt\/en\/wp-json\/wp\/v2\/posts\/1159"}],"collection":[{"href":"https:\/\/www.ecletismomusical.pt\/en\/wp-json\/wp\/v2\/posts"}],"about":[{"href":"https:\/\/www.ecletismomusical.pt\/en\/wp-json\/wp\/v2\/types\/post"}],"author":[{"embeddable":true,"href":"https:\/\/www.ecletismomusical.pt\/en\/wp-json\/wp\/v2\/users\/1"}],"replies":[{"embeddable":true,"href":"https:\/\/www.ecletismomusical.pt\/en\/wp-json\/wp\/v2\/comments?post=1159"}],"version-history":[{"count":0,"href":"https:\/\/www.ecletismomusical.pt\/en\/wp-json\/wp\/v2\/posts\/1159\/revisions"}],"wp:attachment":[{"href":"https:\/\/www.ecletismomusical.pt\/en\/wp-json\/wp\/v2\/media?parent=1159"}],"wp:term":[{"taxonomy":"category","embeddable":true,"href":"https:\/\/www.ecletismomusical.pt\/en\/wp-json\/wp\/v2\/categories?post=1159"},{"taxonomy":"post_tag","embeddable":true,"href":"https:\/\/www.ecletismomusical.pt\/en\/wp-json\/wp\/v2\/tags?post=1159"}],"curies":[{"name":"wp","href":"https:\/\/api.w.org\/{rel}","templated":true}]}}