{"id":1364,"date":"2018-04-28T17:59:50","date_gmt":"2018-04-28T17:59:50","guid":{"rendered":"https:\/\/ecletismomusical.pt\/?p=1364"},"modified":"2018-05-31T22:32:25","modified_gmt":"2018-05-31T22:32:25","slug":"festival-bons-sons-9-a-12-de-agosto","status":"publish","type":"post","link":"https:\/\/www.ecletismomusical.pt\/en\/festival-bons-sons-9-a-12-de-agosto\/","title":{"rendered":"[Festival] Bons Sons &#8211; 9 a 12 de Agosto"},"content":{"rendered":"<p><strong>De 9 a 12 de Agosto<\/strong>, o <a href=\"http:\/\/www.bonssons.com\/\">BONS SONS<\/a> est\u00e1 de volta. Quatro dias, oito palcos e mais de 45 atua\u00e7\u00f5es s\u00e3o a receita deste amor de ver\u00e3o que, todos os anos, traz a <strong>Cem Soldos<\/strong> milhares de apaixonados pela m\u00fasica e pela aldeia. Durante o festival, as ruas, as pra\u00e7as, os largos e as esquinas ganham uma nova vida, a m\u00fasica apodera-se do territ\u00f3rio, e o amor de ver\u00e3o acontece.<\/p>\n<p>Os\u00a0<strong>passes do Bons Sons<\/strong>, que d\u00e3o acesso aos quatro dias do festival e ao campismo, custam\u00a0<strong>40 euros at\u00e9 final de Julho<\/strong>\u00a0e 45 euros sem comprados no recinto. H\u00e1 ainda um bilhete di\u00e1rio a 20 euros ou 22 euros no recinto. A entrada \u00e9 gratuita at\u00e9 aos 12 anos. Os passes e bilhetes podem ser adquiridos nos locais habituais.<\/p>\n<p>Alguns dos destaques deste ano: <strong>Salvador Sobral, Slow J, Xinobi DJ set, Mazgani, Sara Tavares, Norberto Lobo,\u00a0Sean Riley &amp; The Slowriders, Paus, Dead Combo, Linda Martini, Lu\u00eds Severo.<\/strong><\/p>\n<p><a href=\"https:\/\/www.dropbox.com\/s\/i0m8pgt91ueaqgx\/PRESSKIT-BONSSONS-2018.zip?raw=1\">Programa completo<\/a><em><br \/>\n<a href=\"https:\/\/www.facebook.com\/bonssons\">Facebook<\/a><\/em><\/p>","protected":false},"excerpt":{"rendered":"<p>De 9 a 12 de Agosto, o BONS SONS est\u00e1 de volta. Quatro dias, oito palcos e mais de 45 atua\u00e7\u00f5es s\u00e3o a receita deste amor de ver\u00e3o que, todos os anos, traz a Cem Soldos milhares de apaixonados pela m\u00fasica e pela aldeia. Durante o festival, as ruas, as pra\u00e7as, os largos e as<\/p>","protected":false},"author":1,"featured_media":1753,"comment_status":"open","ping_status":"open","sticky":false,"template":"","format":"standard","meta":[],"categories":[24],"tags":[38,54,83,95,100,101],"_links":{"self":[{"href":"https:\/\/www.ecletismomusical.pt\/en\/wp-json\/wp\/v2\/posts\/1364"}],"collection":[{"href":"https:\/\/www.ecletismomusical.pt\/en\/wp-json\/wp\/v2\/posts"}],"about":[{"href":"https:\/\/www.ecletismomusical.pt\/en\/wp-json\/wp\/v2\/types\/post"}],"author":[{"embeddable":true,"href":"https:\/\/www.ecletismomusical.pt\/en\/wp-json\/wp\/v2\/users\/1"}],"replies":[{"embeddable":true,"href":"https:\/\/www.ecletismomusical.pt\/en\/wp-json\/wp\/v2\/comments?post=1364"}],"version-history":[{"count":1,"href":"https:\/\/www.ecletismomusical.pt\/en\/wp-json\/wp\/v2\/posts\/1364\/revisions"}],"predecessor-version":[{"id":1754,"href":"https:\/\/www.ecletismomusical.pt\/en\/wp-json\/wp\/v2\/posts\/1364\/revisions\/1754"}],"wp:featuredmedia":[{"embeddable":true,"href":"https:\/\/www.ecletismomusical.pt\/en\/wp-json\/wp\/v2\/media\/1753"}],"wp:attachment":[{"href":"https:\/\/www.ecletismomusical.pt\/en\/wp-json\/wp\/v2\/media?parent=1364"}],"wp:term":[{"taxonomy":"category","embeddable":true,"href":"https:\/\/www.ecletismomusical.pt\/en\/wp-json\/wp\/v2\/categories?post=1364"},{"taxonomy":"post_tag","embeddable":true,"href":"https:\/\/www.ecletismomusical.pt\/en\/wp-json\/wp\/v2\/tags?post=1364"}],"curies":[{"name":"wp","href":"https:\/\/api.w.org\/{rel}","templated":true}]}}