{"id":1406,"date":"2018-04-29T13:06:40","date_gmt":"2018-04-29T13:06:40","guid":{"rendered":"https:\/\/ecletismomusical.pt\/?p=1406"},"modified":"2018-05-31T22:30:54","modified_gmt":"2018-05-31T22:30:54","slug":"review-dead-combo-odeon-hotel-2018","status":"publish","type":"post","link":"https:\/\/www.ecletismomusical.pt\/en\/review-dead-combo-odeon-hotel-2018\/","title":{"rendered":"[Review] Dead Combo &#8211; Odeon Hotel (2018)"},"content":{"rendered":"<p><img class=\"alignnone size-medium wp-image-1750\" src=\"https:\/\/www.ecletismomusical.pt\/wp-content\/uploads\/2018\/04\/imagem-300x300.jpg\" alt=\"\" width=\"300\" height=\"300\" srcset=\"https:\/\/www.ecletismomusical.pt\/wp-content\/uploads\/2018\/04\/imagem-300x300.jpg 300w, https:\/\/www.ecletismomusical.pt\/wp-content\/uploads\/2018\/04\/imagem-150x150.jpg 150w, https:\/\/www.ecletismomusical.pt\/wp-content\/uploads\/2018\/04\/imagem.jpg 335w\" \/><\/p>\n<p>&nbsp;<\/p>\n<p>Primeiro lugar no Top Nacional de Vendas para um \u00e1lbum dos <a href=\"http:\/\/deadcombo.net\/\"><strong>Dead Combo<\/strong><\/a>? Sim, \u00e9 verdade, e apesar de n\u00e3o ser uma estreia absoluta (em 2014, o \u00e1lbum \u00abA Bunch of Meninos\u00bb j\u00e1 o tinha conseguido), n\u00e3o deixa de ser digno de nota num pa\u00eds em que nem sempre a m\u00fasica instrumental \u00e9 valorizada.<\/p>\n<p>Pela primeira vez na hist\u00f3ria da banda, o novo \u00e1lbum &#8211;<strong> Odeon Hotel<\/strong> &#8211; foi editado em todo o mundo pela <strong>Sony Music<\/strong>. Com produ\u00e7\u00e3o de\u00a0<strong>Alain Johannes<\/strong> (Queen Of Stone Age, PJ Harvey, Chris Cornell, etc) este \u00e9 um \u00e1lbum menos org\u00e2nico, onde as guitarras se mesclam com a percuss\u00e3o, conferindo uma roupagem mais pesada, mais rock, reflectindo tamb\u00e9m as influ\u00eancias do produtor.<\/p>\n<p>Ao seu sexto \u00e1lbum de originais, 15 anos depois do in\u00edcio, os <strong>Dead Combo<\/strong>\u00a0assinaram um contrato discogr\u00e1fico com uma grande editora e chegar\u00e3o assim justamente a todo o mundo mostrando aquilo que sempre fazem, um trabalho irrepreens\u00edvel e de enorme qualidade.<\/p>\n<p>Num \u00e1lbum com 13 m\u00fasicas, de notar a sempre impec\u00e1vel bateria de <strong>Alexandre Fraz\u00e3o e o excelente trabalho de Mick Trovoada (percuss\u00e3o), Jo\u00e3o Cabrita (sopros) e Bruno Silva (viola d&#8217;arco).<\/strong><\/p>\n<p>O destaque especial vai para a participa\u00e7\u00e3o de <strong>Mark Lanegan<\/strong>, que d\u00e1 voz a um dos momentos altos do disco, ao interpretar <strong>Fernando Pessoa<\/strong>, em <strong>\u201cI Know, I Alone\u201d<\/strong>.<\/p>\n<p><iframe src=\"https:\/\/open.spotify.com\/embed\/album\/75AZVtdHWWIYpKkRxgPrtA\" width=\"300\" height=\"380\" frameborder=\"0\"><\/iframe><\/p>\n<p><strong><a href=\"https:\/\/deadcomboodeonhotel.lnk.to\/_jndMPR\">Outros formatos dispon\u00edveis: AQUI<br \/>\n<\/a><\/strong><strong><a href=\"https:\/\/www.facebook.com\/deadcombo\/\">Facebook Oficial<br \/>\n<\/a><\/strong><a href=\"https:\/\/www.instagram.com\/deadcombo\/\">Instagram Oficial<\/a><\/p>","protected":false},"excerpt":{"rendered":"<p>&nbsp; Primeiro lugar no Top Nacional de Vendas para um \u00e1lbum dos Dead Combo? Sim, \u00e9 verdade, e apesar de n\u00e3o ser uma estreia absoluta (em 2014, o \u00e1lbum \u00abA Bunch of Meninos\u00bb j\u00e1 o tinha conseguido), n\u00e3o deixa de ser digno de nota num pa\u00eds em que nem sempre a m\u00fasica instrumental \u00e9 valorizada.<\/p>","protected":false},"author":1,"featured_media":1749,"comment_status":"open","ping_status":"open","sticky":false,"template":"","format":"standard","meta":[],"categories":[28],"tags":[51,83,86,96,99],"_links":{"self":[{"href":"https:\/\/www.ecletismomusical.pt\/en\/wp-json\/wp\/v2\/posts\/1406"}],"collection":[{"href":"https:\/\/www.ecletismomusical.pt\/en\/wp-json\/wp\/v2\/posts"}],"about":[{"href":"https:\/\/www.ecletismomusical.pt\/en\/wp-json\/wp\/v2\/types\/post"}],"author":[{"embeddable":true,"href":"https:\/\/www.ecletismomusical.pt\/en\/wp-json\/wp\/v2\/users\/1"}],"replies":[{"embeddable":true,"href":"https:\/\/www.ecletismomusical.pt\/en\/wp-json\/wp\/v2\/comments?post=1406"}],"version-history":[{"count":2,"href":"https:\/\/www.ecletismomusical.pt\/en\/wp-json\/wp\/v2\/posts\/1406\/revisions"}],"predecessor-version":[{"id":1752,"href":"https:\/\/www.ecletismomusical.pt\/en\/wp-json\/wp\/v2\/posts\/1406\/revisions\/1752"}],"wp:featuredmedia":[{"embeddable":true,"href":"https:\/\/www.ecletismomusical.pt\/en\/wp-json\/wp\/v2\/media\/1749"}],"wp:attachment":[{"href":"https:\/\/www.ecletismomusical.pt\/en\/wp-json\/wp\/v2\/media?parent=1406"}],"wp:term":[{"taxonomy":"category","embeddable":true,"href":"https:\/\/www.ecletismomusical.pt\/en\/wp-json\/wp\/v2\/categories?post=1406"},{"taxonomy":"post_tag","embeddable":true,"href":"https:\/\/www.ecletismomusical.pt\/en\/wp-json\/wp\/v2\/tags?post=1406"}],"curies":[{"name":"wp","href":"https:\/\/api.w.org\/{rel}","templated":true}]}}