{"id":1482,"date":"2018-05-06T14:50:09","date_gmt":"2018-05-06T14:50:09","guid":{"rendered":"https:\/\/ecletismomusical.pt\/?p=1482"},"modified":"2018-05-31T22:12:59","modified_gmt":"2018-05-31T22:12:59","slug":"review-cordel-do-fogo-encantado-viagem-ao-coracao-do-sol-2018","status":"publish","type":"post","link":"https:\/\/www.ecletismomusical.pt\/en\/review-cordel-do-fogo-encantado-viagem-ao-coracao-do-sol-2018\/","title":{"rendered":"[Review] Cordel do Fogo Encantado &#8211; Viagem ao Cora\u00e7\u00e3o do Sol (2018)"},"content":{"rendered":"<p><img class=\"alignnone size-full wp-image-1728\" src=\"https:\/\/www.ecletismomusical.pt\/wp-content\/uploads\/2018\/05\/https-_images.genius.com_d63915ab92c76b7d706904969af417cf.1000x1000x1.jpg\" alt=\"\" width=\"300\" height=\"300\" srcset=\"https:\/\/www.ecletismomusical.pt\/wp-content\/uploads\/2018\/05\/https-_images.genius.com_d63915ab92c76b7d706904969af417cf.1000x1000x1.jpg 300w, https:\/\/www.ecletismomusical.pt\/wp-content\/uploads\/2018\/05\/https-_images.genius.com_d63915ab92c76b7d706904969af417cf.1000x1000x1-150x150.jpg 150w\" \/><\/p>\n<p>Doze anos depois de <strong>\u00abTransfigura\u00e7\u00e3o\u00bb<\/strong>, os <a href=\"https:\/\/cordeldofogoencantado.com.br\/\">Cordel do Fogo Encantado<\/a> lan\u00e7aram um novo \u00e1lbum de originais. <strong>\u00abViagem ao Cora\u00e7\u00e3o do Sol\u00bb<\/strong> \u00e9 uma viagem pela Liberdade! Liberdade criativa, sonora e conceptual! A cria\u00e7\u00e3o art\u00edstica pela cria\u00e7\u00e3o e n\u00e3o pela necessidade de cat\u00e1logos.<\/p>\n<p>De regresso ao registo teatral e\u00a0cenicamente colorido, este regresso do Cordel, ainda que por momentos no remeta para um regresso ao passado (nota-se as reminisc\u00eancias do \u00e1lbum <strong>\u00abO Palha\u00e7o do Circo sem Futuro\u00bb<\/strong>) apresenta laivos de atualidade.<\/p>\n<p>Essa atualidade n\u00e3o significa corte com o passado, mas sim uma nova roupagem em alguns dos temas do \u00e1lbum, a fazer lembrar um passado de sintetizadores e melodias catchy e m\u00e1gico do pop-rock dos anos 70\/80.<\/p>\n<p>Para ver ao vivo no <a href=\"http:\/\/www.fmmsines.pt\">Festival M\u00fasicas do Mundo<\/a> em Sines,\u00a0marcado para 19 a 28 de julho de 2018.<\/p>\n<p><iframe src=\"https:\/\/open.spotify.com\/embed\/album\/5mpqPLDljbsjbIV8WZ2e46\" width=\"300\" height=\"380\" frameborder=\"0\"><\/iframe><\/p>","protected":false},"excerpt":{"rendered":"<p>Doze anos depois de \u00abTransfigura\u00e7\u00e3o\u00bb, os Cordel do Fogo Encantado lan\u00e7aram um novo \u00e1lbum de originais. \u00abViagem ao Cora\u00e7\u00e3o do Sol\u00bb \u00e9 uma viagem pela Liberdade! Liberdade criativa, sonora e conceptual! A cria\u00e7\u00e3o art\u00edstica pela cria\u00e7\u00e3o e n\u00e3o pela necessidade de cat\u00e1logos. De regresso ao registo teatral e\u00a0cenicamente colorido, este regresso do Cordel, ainda que<\/p>","protected":false},"author":1,"featured_media":1727,"comment_status":"open","ping_status":"open","sticky":false,"template":"","format":"standard","meta":[],"categories":[28],"tags":[47,86],"_links":{"self":[{"href":"https:\/\/www.ecletismomusical.pt\/en\/wp-json\/wp\/v2\/posts\/1482"}],"collection":[{"href":"https:\/\/www.ecletismomusical.pt\/en\/wp-json\/wp\/v2\/posts"}],"about":[{"href":"https:\/\/www.ecletismomusical.pt\/en\/wp-json\/wp\/v2\/types\/post"}],"author":[{"embeddable":true,"href":"https:\/\/www.ecletismomusical.pt\/en\/wp-json\/wp\/v2\/users\/1"}],"replies":[{"embeddable":true,"href":"https:\/\/www.ecletismomusical.pt\/en\/wp-json\/wp\/v2\/comments?post=1482"}],"version-history":[{"count":2,"href":"https:\/\/www.ecletismomusical.pt\/en\/wp-json\/wp\/v2\/posts\/1482\/revisions"}],"predecessor-version":[{"id":1730,"href":"https:\/\/www.ecletismomusical.pt\/en\/wp-json\/wp\/v2\/posts\/1482\/revisions\/1730"}],"wp:featuredmedia":[{"embeddable":true,"href":"https:\/\/www.ecletismomusical.pt\/en\/wp-json\/wp\/v2\/media\/1727"}],"wp:attachment":[{"href":"https:\/\/www.ecletismomusical.pt\/en\/wp-json\/wp\/v2\/media?parent=1482"}],"wp:term":[{"taxonomy":"category","embeddable":true,"href":"https:\/\/www.ecletismomusical.pt\/en\/wp-json\/wp\/v2\/categories?post=1482"},{"taxonomy":"post_tag","embeddable":true,"href":"https:\/\/www.ecletismomusical.pt\/en\/wp-json\/wp\/v2\/tags?post=1482"}],"curies":[{"name":"wp","href":"https:\/\/api.w.org\/{rel}","templated":true}]}}