{"id":1582,"date":"2018-05-23T22:36:26","date_gmt":"2018-05-23T22:36:26","guid":{"rendered":"https:\/\/ecletismomusical.pt\/?p=1582"},"modified":"2018-05-31T19:36:53","modified_gmt":"2018-05-31T19:36:53","slug":"review-m-o-o-n-s-thinking-out-loud","status":"publish","type":"post","link":"https:\/\/www.ecletismomusical.pt\/en\/review-m-o-o-n-s-thinking-out-loud\/","title":{"rendered":"[Review] M O O N S &#8211; Thinking Out Loud"},"content":{"rendered":"<p><img class=\"alignnone size-medium wp-image-1668\" src=\"https:\/\/www.ecletismomusical.pt\/wp-content\/uploads\/2018\/05\/33597123_984180065090258_1542156828522053632_n-300x300.jpg\" alt=\"\" width=\"300\" height=\"300\" srcset=\"https:\/\/www.ecletismomusical.pt\/wp-content\/uploads\/2018\/05\/33597123_984180065090258_1542156828522053632_n-300x300.jpg 300w, https:\/\/www.ecletismomusical.pt\/wp-content\/uploads\/2018\/05\/33597123_984180065090258_1542156828522053632_n-150x150.jpg 150w, https:\/\/www.ecletismomusical.pt\/wp-content\/uploads\/2018\/05\/33597123_984180065090258_1542156828522053632_n-768x768.jpg 768w, https:\/\/www.ecletismomusical.pt\/wp-content\/uploads\/2018\/05\/33597123_984180065090258_1542156828522053632_n.jpg 960w\" \/><\/p>\n<p>Provando, mais uma vez, que aquilo que soa bem e tem qualidade, pode vir de onde menos se espera, chega-nos <strong>\u00abThinking Out Loud\u00bb<\/strong>, 2\u00ba \u00e1lbum dos brasileiros <a href=\"http:\/\/www.moonsmusic.net\">M O O N S!<\/a><\/p>\n<p>Em Minas Gerais existe um movimento musical particular, com diversas bandas indie-folk mineiras a quererem mostrar que o Brasil \u00e9 muito mais do que samba ou ax\u00e9. Produzido pela<strong> <span class=\"fbPhotosPhotoCaption\"><span class=\"hasCaption\"> <a href=\"https:\/\/www.facebook.com\/BalaclavaRecords\/\">Balaclava Records<\/a><\/span><\/span><\/strong> e contando com o patroc\u00ednio de 192 benfeitores que viabilizaram o projeto via crowdfunding, <strong>\u00abThinking Out Loud\u00bb<\/strong> entra diretamente para a Lista do melhores \u00e1lbuns aqui no <a href=\"https:\/\/www.ecletismomusical.pt\/en\/\">Ecletismo Musical!<\/a><\/p>\n<p><strong>Andr\u00e9 Travassos <\/strong>e amigos apresentam uma sonoridade marcadamente contemplativa e melanc\u00f3lica, que podia ter sa\u00eddo de uma qualquer floresta negra do norte da Europa ou mesmo na Ilha do Corvo, no arquip\u00e9lago dos A\u00e7ores (o \u00e1lbum foi gravado no Est\u00fadio &#8220;Ilha do Corvo&#8221; de Leonardo Marques).<\/p>\n<p>Existe uma profundidade (ainda que com enorme sensibilidade) e dor latente na voz de <strong>Andr\u00e9 Travassos<\/strong> que provoca um profus\u00e3o de sentimentos e emo\u00e7\u00f5es sonoras dif\u00edceis de libertar da pele.<\/p>\n<p>Para ouvir com a lareira acesa e um bom copo de tinto na m\u00e3o em longas noites de reflex\u00e3o.<\/p>\n<p><iframe src=\"https:\/\/open.spotify.com\/embed\/album\/1VhPZb3gC1c50226l0uhMI\" width=\"300\" height=\"380\" frameborder=\"0\"><\/iframe><\/p>","protected":false},"excerpt":{"rendered":"<p>Provando, mais uma vez, que aquilo que soa bem e tem qualidade, pode vir de onde menos se espera, chega-nos \u00abThinking Out Loud\u00bb, 2\u00ba \u00e1lbum dos brasileiros M O O N S! Em Minas Gerais existe um movimento musical particular, com diversas bandas indie-folk mineiras a quererem mostrar que o Brasil \u00e9 muito mais do<\/p>","protected":false},"author":1,"featured_media":1670,"comment_status":"open","ping_status":"open","sticky":false,"template":"","format":"standard","meta":[],"categories":[28],"tags":[37,40,74,78,85,86,98],"_links":{"self":[{"href":"https:\/\/www.ecletismomusical.pt\/en\/wp-json\/wp\/v2\/posts\/1582"}],"collection":[{"href":"https:\/\/www.ecletismomusical.pt\/en\/wp-json\/wp\/v2\/posts"}],"about":[{"href":"https:\/\/www.ecletismomusical.pt\/en\/wp-json\/wp\/v2\/types\/post"}],"author":[{"embeddable":true,"href":"https:\/\/www.ecletismomusical.pt\/en\/wp-json\/wp\/v2\/users\/1"}],"replies":[{"embeddable":true,"href":"https:\/\/www.ecletismomusical.pt\/en\/wp-json\/wp\/v2\/comments?post=1582"}],"version-history":[{"count":2,"href":"https:\/\/www.ecletismomusical.pt\/en\/wp-json\/wp\/v2\/posts\/1582\/revisions"}],"predecessor-version":[{"id":1672,"href":"https:\/\/www.ecletismomusical.pt\/en\/wp-json\/wp\/v2\/posts\/1582\/revisions\/1672"}],"wp:featuredmedia":[{"embeddable":true,"href":"https:\/\/www.ecletismomusical.pt\/en\/wp-json\/wp\/v2\/media\/1670"}],"wp:attachment":[{"href":"https:\/\/www.ecletismomusical.pt\/en\/wp-json\/wp\/v2\/media?parent=1582"}],"wp:term":[{"taxonomy":"category","embeddable":true,"href":"https:\/\/www.ecletismomusical.pt\/en\/wp-json\/wp\/v2\/categories?post=1582"},{"taxonomy":"post_tag","embeddable":true,"href":"https:\/\/www.ecletismomusical.pt\/en\/wp-json\/wp\/v2\/tags?post=1582"}],"curies":[{"name":"wp","href":"https:\/\/api.w.org\/{rel}","templated":true}]}}