{"id":1617,"date":"2018-05-31T15:35:37","date_gmt":"2018-05-31T15:35:37","guid":{"rendered":"https:\/\/ecletismomusical.pt\/?p=1617"},"modified":"2018-06-01T16:40:41","modified_gmt":"2018-06-01T16:40:41","slug":"festival-med-28-a-30-de-junho-loule","status":"publish","type":"post","link":"https:\/\/www.ecletismomusical.pt\/en\/festival-med-28-a-30-de-junho-loule\/","title":{"rendered":"[Festival] MED, 28 a 30 de Junho, Loul\u00e9"},"content":{"rendered":"<p><img class=\"alignnone\" src=\"http:\/\/img.rtp.pt\/icm\/\/thumb\/phpThumb.php?src=\/antena1\/images\/55\/550eb0b8609e28f831d5ac6acc99a5c9&amp;w=1200&amp;sx=0&amp;sy=0&amp;sw=600&amp;sh=848&amp;q=75\" width=\"522\" height=\"738\" \/><\/p>\n<div>O\u00a0<b><a href=\"http:\/\/www.festivalmed.pt\/pt\/\">Festival Med<\/a>,<\/b> organizado pela C\u00e2mara Municipal de Loul\u00e9, \u00e9 um evento de <b>World Music <\/b>inspirado na <b>cultura mediterr\u00e2nica<\/b>, que transforma o centro hist\u00f3rico de Loul\u00e9 num desfile de manifesta\u00e7\u00f5es art\u00edsticas e fus\u00e3o de culturas.<\/div>\n<div><\/div>\n<div>A 15\u00aa Edi\u00e7\u00e3o do\u00a0<a href=\"https:\/\/www.facebook.com\/festivalmedloule\/\"><b>Festival Med<\/b><\/a>\u00a0realiza-se este ano <b>de 28 junho a 01 de julho<\/b> no<b> Centro Hist\u00f3rico de Loul\u00e9<\/b>.<\/div>\n<div>Este evento conta com <b>9 palcos<\/b> por onde passar\u00e3o as mais variadas propostas da World Music.<\/div>","protected":false},"excerpt":{"rendered":"<p>O\u00a0Festival Med, organizado pela C\u00e2mara Municipal de Loul\u00e9, \u00e9 um evento de World Music inspirado na cultura mediterr\u00e2nica, que transforma o centro hist\u00f3rico de Loul\u00e9 num desfile de manifesta\u00e7\u00f5es art\u00edsticas e fus\u00e3o de culturas. A 15\u00aa Edi\u00e7\u00e3o do\u00a0Festival Med\u00a0realiza-se este ano de 28 junho a 01 de julho no Centro Hist\u00f3rico de Loul\u00e9. Este evento<\/p>","protected":false},"author":1,"featured_media":1649,"comment_status":"open","ping_status":"open","sticky":false,"template":"","format":"standard","meta":[],"categories":[1,24],"tags":[54,73,77,114],"_links":{"self":[{"href":"https:\/\/www.ecletismomusical.pt\/en\/wp-json\/wp\/v2\/posts\/1617"}],"collection":[{"href":"https:\/\/www.ecletismomusical.pt\/en\/wp-json\/wp\/v2\/posts"}],"about":[{"href":"https:\/\/www.ecletismomusical.pt\/en\/wp-json\/wp\/v2\/types\/post"}],"author":[{"embeddable":true,"href":"https:\/\/www.ecletismomusical.pt\/en\/wp-json\/wp\/v2\/users\/1"}],"replies":[{"embeddable":true,"href":"https:\/\/www.ecletismomusical.pt\/en\/wp-json\/wp\/v2\/comments?post=1617"}],"version-history":[{"count":1,"href":"https:\/\/www.ecletismomusical.pt\/en\/wp-json\/wp\/v2\/posts\/1617\/revisions"}],"predecessor-version":[{"id":1650,"href":"https:\/\/www.ecletismomusical.pt\/en\/wp-json\/wp\/v2\/posts\/1617\/revisions\/1650"}],"wp:featuredmedia":[{"embeddable":true,"href":"https:\/\/www.ecletismomusical.pt\/en\/wp-json\/wp\/v2\/media\/1649"}],"wp:attachment":[{"href":"https:\/\/www.ecletismomusical.pt\/en\/wp-json\/wp\/v2\/media?parent=1617"}],"wp:term":[{"taxonomy":"category","embeddable":true,"href":"https:\/\/www.ecletismomusical.pt\/en\/wp-json\/wp\/v2\/categories?post=1617"},{"taxonomy":"post_tag","embeddable":true,"href":"https:\/\/www.ecletismomusical.pt\/en\/wp-json\/wp\/v2\/tags?post=1617"}],"curies":[{"name":"wp","href":"https:\/\/api.w.org\/{rel}","templated":true}]}}