{"id":1925,"date":"2018-06-11T10:13:19","date_gmt":"2018-06-11T10:13:19","guid":{"rendered":"https:\/\/www.ecletismomusical.pt\/?p=1925"},"modified":"2018-06-10T18:50:28","modified_gmt":"2018-06-10T18:50:28","slug":"festival-nelson-mandela-music-tribute-18-20-julho-2018","status":"publish","type":"post","link":"https:\/\/www.ecletismomusical.pt\/en\/festival-nelson-mandela-music-tribute-18-20-julho-2018\/","title":{"rendered":"[Festival] Nelson Mandela Music Tribute (18-20 Julho 2018)"},"content":{"rendered":"<p><img class=\"alignnone wp-image-1928\" src=\"https:\/\/www.ecletismomusical.pt\/wp-content\/uploads\/2018\/06\/cartaz-207x300.jpg\" alt=\"\" width=\"221\" height=\"320\" srcset=\"https:\/\/www.ecletismomusical.pt\/wp-content\/uploads\/2018\/06\/cartaz-207x300.jpg 207w, https:\/\/www.ecletismomusical.pt\/wp-content\/uploads\/2018\/06\/cartaz.jpg 401w\" \/><\/p>\n<p>No \u00e2mbito das comemora\u00e7\u00f5es do 100.\u00ba anivers\u00e1rio do nascimento de <strong>Nelson Mandela<\/strong>, a praia do Aterro, em <strong>Matosinhos<\/strong>, acolhe entre os dias <strong>18 e 20 de julho<\/strong>, o Festival Solid\u00e1rio &#8211; <strong><a href=\"http:\/\/nelsonmandelatribute.com\">Nelson Mandela Music Tribute<\/a>.\u00a0<\/strong><\/p>\n<p>Num alinhamento bastante ecl\u00e9tico, destaque para as presen\u00e7as de <strong>Bob Geldof, Wyclef Jean, Gabriel O Pensador, Steven Tyler,\u00a0Sowetto Gospel Choir, Youssou N\u00b4Dour e Pablo Milan\u00e9s.<\/strong><\/p>\n<p>As receitas do Festival (<a href=\"https:\/\/ticketline.sapo.pt\/evento\/nelson-mandela-music-tribute-33698\">passe para os tr\u00eas dias a 100\u20ac<\/a>)\u00a0v\u00e3o reverter na totalidade para a Funda\u00e7\u00e3o Nelson Mandela para contribuir com o apoio ao legado de Nelson Mandela ao lado de v\u00e1rias institui\u00e7\u00f5es de caridade locais que apoiam sa\u00fade, educa\u00e7\u00e3o e capacita\u00e7\u00e3o com um esp\u00edrito de Paz, Unidade e Esperan\u00e7a para toda a humanidade.<\/p>\n<p><iframe src=\"https:\/\/www.youtube.com\/embed\/GTo1N8hVz9I\" width=\"560\" height=\"315\" frameborder=\"0\" allowfullscreen=\"allowfullscreen\"><\/iframe><\/p>\n<p>Alinhamento:<br \/>\n<strong>Dia 18<\/strong>\u00a0&#8211;\u00a0<em>Bob Geldof, Calema, Kaiser Chiefs, Pablo Alboran<\/em><br \/>\n<strong>Dia 19<\/strong>\u00a0&#8211;\u00a0<em>Wyclef Jean, Gabriel O Pensador, Jimmy P, Kura<\/em><br \/>\n<strong>Dia 20<\/strong>\u00a0&#8211;\u00a0<em>Steven Tyler, Nuno Bettencourt, Rui Veloso, Sowetto Gospel Choir, Youssou N\u00b4Dour, Pablo Milan\u00e9s.<\/em><\/p>","protected":false},"excerpt":{"rendered":"<p>No \u00e2mbito das comemora\u00e7\u00f5es do 100.\u00ba anivers\u00e1rio do nascimento de Nelson Mandela, a praia do Aterro, em Matosinhos, acolhe entre os dias 18 e 20 de julho, o Festival Solid\u00e1rio &#8211; Nelson Mandela Music Tribute.\u00a0 Num alinhamento bastante ecl\u00e9tico, destaque para as presen\u00e7as de Bob Geldof, Wyclef Jean, Gabriel O Pensador, Steven Tyler,\u00a0Sowetto Gospel Choir,<\/p>","protected":false},"author":3,"featured_media":1928,"comment_status":"open","ping_status":"open","sticky":false,"template":"","format":"standard","meta":[],"categories":[1,24],"tags":[54,149,95],"_links":{"self":[{"href":"https:\/\/www.ecletismomusical.pt\/en\/wp-json\/wp\/v2\/posts\/1925"}],"collection":[{"href":"https:\/\/www.ecletismomusical.pt\/en\/wp-json\/wp\/v2\/posts"}],"about":[{"href":"https:\/\/www.ecletismomusical.pt\/en\/wp-json\/wp\/v2\/types\/post"}],"author":[{"embeddable":true,"href":"https:\/\/www.ecletismomusical.pt\/en\/wp-json\/wp\/v2\/users\/3"}],"replies":[{"embeddable":true,"href":"https:\/\/www.ecletismomusical.pt\/en\/wp-json\/wp\/v2\/comments?post=1925"}],"version-history":[{"count":1,"href":"https:\/\/www.ecletismomusical.pt\/en\/wp-json\/wp\/v2\/posts\/1925\/revisions"}],"predecessor-version":[{"id":1929,"href":"https:\/\/www.ecletismomusical.pt\/en\/wp-json\/wp\/v2\/posts\/1925\/revisions\/1929"}],"wp:featuredmedia":[{"embeddable":true,"href":"https:\/\/www.ecletismomusical.pt\/en\/wp-json\/wp\/v2\/media\/1928"}],"wp:attachment":[{"href":"https:\/\/www.ecletismomusical.pt\/en\/wp-json\/wp\/v2\/media?parent=1925"}],"wp:term":[{"taxonomy":"category","embeddable":true,"href":"https:\/\/www.ecletismomusical.pt\/en\/wp-json\/wp\/v2\/categories?post=1925"},{"taxonomy":"post_tag","embeddable":true,"href":"https:\/\/www.ecletismomusical.pt\/en\/wp-json\/wp\/v2\/tags?post=1925"}],"curies":[{"name":"wp","href":"https:\/\/api.w.org\/{rel}","templated":true}]}}