{"id":1937,"date":"2018-06-12T17:36:30","date_gmt":"2018-06-12T17:36:30","guid":{"rendered":"https:\/\/www.ecletismomusical.pt\/?p=1937"},"modified":"2018-06-12T23:02:22","modified_gmt":"2018-06-12T23:02:22","slug":"festival-indie-music-fest-30-agosto-a-1-de-setembro","status":"publish","type":"post","link":"https:\/\/www.ecletismomusical.pt\/en\/festival-indie-music-fest-30-agosto-a-1-de-setembro\/","title":{"rendered":"[Festival] Indie Music Fest (30 Agosto a 1 de Setembro)"},"content":{"rendered":"<p><img class=\"alignnone wp-image-1938\" src=\"https:\/\/www.ecletismomusical.pt\/wp-content\/uploads\/2018\/06\/34054262_770485673158106_1991249385064759296_n.png\" alt=\"\" width=\"442\" height=\"442\" srcset=\"https:\/\/www.ecletismomusical.pt\/wp-content\/uploads\/2018\/06\/34054262_770485673158106_1991249385064759296_n.png 720w, https:\/\/www.ecletismomusical.pt\/wp-content\/uploads\/2018\/06\/34054262_770485673158106_1991249385064759296_n-150x150.png 150w, https:\/\/www.ecletismomusical.pt\/wp-content\/uploads\/2018\/06\/34054262_770485673158106_1991249385064759296_n-300x300.png 300w\" \/><\/p>\n<p>Num pa\u00eds cada vez mais musical e onde proliferam iniciativas culturais de nota, o <a href=\"\/en\/www.facebook.com\/indiemusicfestofficialpage\/\"><strong>Indie Music Fest<\/strong><\/a> surge mais um ano como uma interessante op\u00e7\u00e3o a Norte.<\/p>\n<p>No <strong>buc\u00f3lico Bosque do Choupal, em Baltar (a 30km do Porto)<\/strong>, ser\u00e3o &#8220;tr\u00eas dias de harmonia com a natureza, com o lazer e o prazer&#8221;.<\/p>\n<p>Num Festival que d\u00e1 tempo de antena aos <strong>bons projetos indie nacionais<\/strong>, as primeiras confirma\u00e7\u00f5es s\u00e3o:<\/p>\n<p><img class=\"alignnone size-full wp-image-1940\" src=\"https:\/\/www.ecletismomusical.pt\/wp-content\/uploads\/2018\/06\/nomes1.jpg\" alt=\"\" width=\"457\" height=\"432\" srcset=\"https:\/\/www.ecletismomusical.pt\/wp-content\/uploads\/2018\/06\/nomes1.jpg 457w, https:\/\/www.ecletismomusical.pt\/wp-content\/uploads\/2018\/06\/nomes1-300x284.jpg 300w\" \/><img class=\"alignnone size-full wp-image-1941\" src=\"https:\/\/www.ecletismomusical.pt\/wp-content\/uploads\/2018\/06\/nome2.jpg\" alt=\"\" width=\"454\" height=\"424\" srcset=\"https:\/\/www.ecletismomusical.pt\/wp-content\/uploads\/2018\/06\/nome2.jpg 454w, https:\/\/www.ecletismomusical.pt\/wp-content\/uploads\/2018\/06\/nome2-300x280.jpg 300w\" \/><\/p>\n<div>\n<div><span style=\"color: #333333;font-family: arial, sans-serif\"><strong>O Passe-geral <a href=\"https:\/\/indiemusicfest.bol.pt\/Comprar\/Bilhetes\/63210-indie_music_fest_2018_passe_geral-ass_mov_indie_de_baltar\/Sessoes\">j\u00e1 se encontra \u00e0 venda a 15\u20ac<\/a><\/strong> e inclui camping, transferes, acesso aos concertos secretos, piscina e outras\u00a0atividades\u00a0paralelas. Os portadores do passe-geral t\u00eam descontos nas viagens de comboio CP cooltrain para o festival.<\/span><\/div>\n<div><\/div>\n<div><span style=\"font-family: arial, sans-serif\">Esta edi\u00e7\u00e3o conta pela primeira vez com o Apoio do Munic\u00edpio\u00a0de Paredes e com a Junta de\u00a0<\/span><span style=\"color: #333333;font-family: arial, sans-serif\">Freguesia de Baltar.<\/span><\/div>\n<\/div>","protected":false},"excerpt":{"rendered":"<p>Num pa\u00eds cada vez mais musical e onde proliferam iniciativas culturais de nota, o Indie Music Fest surge mais um ano como uma interessante op\u00e7\u00e3o a Norte. No buc\u00f3lico Bosque do Choupal, em Baltar (a 30km do Porto), ser\u00e3o &#8220;tr\u00eas dias de harmonia com a natureza, com o lazer e o prazer&#8221;. Num Festival que<\/p>","protected":false},"author":3,"featured_media":1938,"comment_status":"open","ping_status":"open","sticky":false,"template":"","format":"standard","meta":[],"categories":[24],"tags":[54,154,86],"_links":{"self":[{"href":"https:\/\/www.ecletismomusical.pt\/en\/wp-json\/wp\/v2\/posts\/1937"}],"collection":[{"href":"https:\/\/www.ecletismomusical.pt\/en\/wp-json\/wp\/v2\/posts"}],"about":[{"href":"https:\/\/www.ecletismomusical.pt\/en\/wp-json\/wp\/v2\/types\/post"}],"author":[{"embeddable":true,"href":"https:\/\/www.ecletismomusical.pt\/en\/wp-json\/wp\/v2\/users\/3"}],"replies":[{"embeddable":true,"href":"https:\/\/www.ecletismomusical.pt\/en\/wp-json\/wp\/v2\/comments?post=1937"}],"version-history":[{"count":1,"href":"https:\/\/www.ecletismomusical.pt\/en\/wp-json\/wp\/v2\/posts\/1937\/revisions"}],"predecessor-version":[{"id":1942,"href":"https:\/\/www.ecletismomusical.pt\/en\/wp-json\/wp\/v2\/posts\/1937\/revisions\/1942"}],"wp:featuredmedia":[{"embeddable":true,"href":"https:\/\/www.ecletismomusical.pt\/en\/wp-json\/wp\/v2\/media\/1938"}],"wp:attachment":[{"href":"https:\/\/www.ecletismomusical.pt\/en\/wp-json\/wp\/v2\/media?parent=1937"}],"wp:term":[{"taxonomy":"category","embeddable":true,"href":"https:\/\/www.ecletismomusical.pt\/en\/wp-json\/wp\/v2\/categories?post=1937"},{"taxonomy":"post_tag","embeddable":true,"href":"https:\/\/www.ecletismomusical.pt\/en\/wp-json\/wp\/v2\/tags?post=1937"}],"curies":[{"name":"wp","href":"https:\/\/api.w.org\/{rel}","templated":true}]}}