{"id":1943,"date":"2018-06-13T19:22:17","date_gmt":"2018-06-13T19:22:17","guid":{"rendered":"https:\/\/www.ecletismomusical.pt\/?p=1943"},"modified":"2018-06-13T20:56:36","modified_gmt":"2018-06-13T19:56:36","slug":"festival-sons-no-parque-13-14-julho","status":"publish","type":"post","link":"https:\/\/www.ecletismomusical.pt\/en\/festival-sons-no-parque-13-14-julho\/","title":{"rendered":"[Festival] Sons no Parque (13-14 Julho)"},"content":{"rendered":"<p><img class=\"alignnone wp-image-1944\" src=\"https:\/\/www.ecletismomusical.pt\/wp-content\/uploads\/2018\/06\/sons-no-parque-cartaz-2018.jpg\" alt=\"\" width=\"389\" height=\"551\" srcset=\"https:\/\/www.ecletismomusical.pt\/wp-content\/uploads\/2018\/06\/sons-no-parque-cartaz-2018.jpg 900w, https:\/\/www.ecletismomusical.pt\/wp-content\/uploads\/2018\/06\/sons-no-parque-cartaz-2018-212x300.jpg 212w, https:\/\/www.ecletismomusical.pt\/wp-content\/uploads\/2018\/06\/sons-no-parque-cartaz-2018-768x1086.jpg 768w, https:\/\/www.ecletismomusical.pt\/wp-content\/uploads\/2018\/06\/sons-no-parque-cartaz-2018-724x1024.jpg 724w\" \/><\/p>\n<p>Mais uma proposta de boa m\u00fasica a Norte. Nos dias 13 e 14 de julho de 2018, a C\u00e2mara Municipal de Alij\u00f3 vai organizar\u00a0a 2.\u00aa edi\u00e7\u00e3o do festival <a href=\"http:\/\/www.sonsnoparque.pt\/index.html\"><strong>SONS NO PARQUE<\/strong><\/a>, que decorrer\u00e1 no Parque da Vila, em Alij\u00f3, com entrada livre.<\/p>\n<p style=\"font-weight: 400\">Num Festival que prima pelo seu ecletismo, ser\u00e1 poss\u00edvel ouvir rock, soul, blues e jazz. Destaque para\u00a0<strong>Marta Ren\u00a0&amp; The Grovelvets<\/strong> e para duas bandas incontorn\u00e1veis no\u00a0panorama musical espanhol &#8211; <strong>Aurora &amp; The Betrayers e\u00a0 Sexy Zebras.<\/strong><\/p>\n<p style=\"font-weight: 400\">O cartaz da edi\u00e7\u00e3o <strong>SONS DO PARQUE 2018<\/strong> \u00e9 o seguinte:<\/p>\n<p style=\"font-weight: 400\"><u>13 de julho\u00a0<\/u><\/p>\n<p style=\"font-weight: 400\">&#8211; Marta Ren &amp; The Grovelvets (Portugal)<br \/>\n&#8211; Sexy Zebras (Espanha)<br \/>\n&#8211; Iron Fist Blues Band (Portugal)<\/p>\n<p style=\"font-weight: 400\"><u>14 de julho\u00a0<\/u><\/p>\n<p style=\"font-weight: 400\">&#8211; Aurora &amp; The Betrayers (Espanha)<br \/>\n&#8211; Datcha Mandala (Fran\u00e7a)<br \/>\n&#8211; Moonshiners (Portugal)<\/p>","protected":false},"excerpt":{"rendered":"<p>Mais uma proposta de boa m\u00fasica a Norte. Nos dias 13 e 14 de julho de 2018, a C\u00e2mara Municipal de Alij\u00f3 vai organizar\u00a0a 2.\u00aa edi\u00e7\u00e3o do festival SONS NO PARQUE, que decorrer\u00e1 no Parque da Vila, em Alij\u00f3, com entrada livre. Num Festival que prima pelo seu ecletismo, ser\u00e1 poss\u00edvel ouvir rock, soul, blues<\/p>","protected":false},"author":3,"featured_media":1944,"comment_status":"open","ping_status":"open","sticky":false,"template":"","format":"standard","meta":[],"categories":[1,24],"tags":[54,155],"_links":{"self":[{"href":"https:\/\/www.ecletismomusical.pt\/en\/wp-json\/wp\/v2\/posts\/1943"}],"collection":[{"href":"https:\/\/www.ecletismomusical.pt\/en\/wp-json\/wp\/v2\/posts"}],"about":[{"href":"https:\/\/www.ecletismomusical.pt\/en\/wp-json\/wp\/v2\/types\/post"}],"author":[{"embeddable":true,"href":"https:\/\/www.ecletismomusical.pt\/en\/wp-json\/wp\/v2\/users\/3"}],"replies":[{"embeddable":true,"href":"https:\/\/www.ecletismomusical.pt\/en\/wp-json\/wp\/v2\/comments?post=1943"}],"version-history":[{"count":1,"href":"https:\/\/www.ecletismomusical.pt\/en\/wp-json\/wp\/v2\/posts\/1943\/revisions"}],"predecessor-version":[{"id":1945,"href":"https:\/\/www.ecletismomusical.pt\/en\/wp-json\/wp\/v2\/posts\/1943\/revisions\/1945"}],"wp:featuredmedia":[{"embeddable":true,"href":"https:\/\/www.ecletismomusical.pt\/en\/wp-json\/wp\/v2\/media\/1944"}],"wp:attachment":[{"href":"https:\/\/www.ecletismomusical.pt\/en\/wp-json\/wp\/v2\/media?parent=1943"}],"wp:term":[{"taxonomy":"category","embeddable":true,"href":"https:\/\/www.ecletismomusical.pt\/en\/wp-json\/wp\/v2\/categories?post=1943"},{"taxonomy":"post_tag","embeddable":true,"href":"https:\/\/www.ecletismomusical.pt\/en\/wp-json\/wp\/v2\/tags?post=1943"}],"curies":[{"name":"wp","href":"https:\/\/api.w.org\/{rel}","templated":true}]}}