{"id":1956,"date":"2018-06-13T16:56:52","date_gmt":"2018-06-13T15:56:52","guid":{"rendered":"https:\/\/www.ecletismomusical.pt\/?p=1956"},"modified":"2018-06-13T18:16:19","modified_gmt":"2018-06-13T17:16:19","slug":"historico-valete-samuel-mira-prod-badhira-dr-neo-cortex","status":"publish","type":"post","link":"https:\/\/www.ecletismomusical.pt\/en\/historico-valete-samuel-mira-prod-badhira-dr-neo-cortex\/","title":{"rendered":"[Hist\u00f3rico] Valete &#8211; Samuel Mira (Prod Badhira &#038; Dr Neo Cortex)"},"content":{"rendered":"<p><iframe src=\"https:\/\/www.youtube.com\/embed\/Kda775no1KY\" width=\"560\" height=\"315\" frameborder=\"0\" allowfullscreen=\"allowfullscreen\"><\/iframe><\/p>\n<p>Momento hist\u00f3rico no movimento nacional! O <em>professor\u00a0doutor<\/em> <a href=\"http:\/\/www.facebook.com\/pg\/Valete1\/\"><strong>Valete<\/strong><\/a> decidiu homenagear o enorme <strong>Sam the Kid<\/strong> com barras carregadas de sentimento e reconhecimento.<\/p>\n<p>Num som que se ir\u00e1 tornar certamente num marco do Hip-Hop nacional, <strong>Valete recorreu a Emmy Curl (Catarina Miranda) <\/strong>para o refr\u00e3o e contou com a produ\u00e7\u00e3o de Baghira &amp; Dr Neo Cortex.<\/p>\n<p>&#8220;1000 Obrigados Irm\u00e3o por toda a tua obra!&#8221;<\/p>","protected":false},"excerpt":{"rendered":"<p>Momento hist\u00f3rico no movimento nacional! O professor\u00a0doutor Valete decidiu homenagear o enorme Sam the Kid com barras carregadas de sentimento e reconhecimento. Num som que se ir\u00e1 tornar certamente num marco do Hip-Hop nacional, Valete recorreu a Emmy Curl (Catarina Miranda) para o refr\u00e3o e contou com a produ\u00e7\u00e3o de Baghira &amp; Dr Neo Cortex.<\/p>","protected":false},"author":3,"featured_media":1957,"comment_status":"open","ping_status":"open","sticky":false,"template":"","format":"video","meta":[],"categories":[1,26],"tags":[160,161,159,158],"_links":{"self":[{"href":"https:\/\/www.ecletismomusical.pt\/en\/wp-json\/wp\/v2\/posts\/1956"}],"collection":[{"href":"https:\/\/www.ecletismomusical.pt\/en\/wp-json\/wp\/v2\/posts"}],"about":[{"href":"https:\/\/www.ecletismomusical.pt\/en\/wp-json\/wp\/v2\/types\/post"}],"author":[{"embeddable":true,"href":"https:\/\/www.ecletismomusical.pt\/en\/wp-json\/wp\/v2\/users\/3"}],"replies":[{"embeddable":true,"href":"https:\/\/www.ecletismomusical.pt\/en\/wp-json\/wp\/v2\/comments?post=1956"}],"version-history":[{"count":1,"href":"https:\/\/www.ecletismomusical.pt\/en\/wp-json\/wp\/v2\/posts\/1956\/revisions"}],"predecessor-version":[{"id":1958,"href":"https:\/\/www.ecletismomusical.pt\/en\/wp-json\/wp\/v2\/posts\/1956\/revisions\/1958"}],"wp:featuredmedia":[{"embeddable":true,"href":"https:\/\/www.ecletismomusical.pt\/en\/wp-json\/wp\/v2\/media\/1957"}],"wp:attachment":[{"href":"https:\/\/www.ecletismomusical.pt\/en\/wp-json\/wp\/v2\/media?parent=1956"}],"wp:term":[{"taxonomy":"category","embeddable":true,"href":"https:\/\/www.ecletismomusical.pt\/en\/wp-json\/wp\/v2\/categories?post=1956"},{"taxonomy":"post_tag","embeddable":true,"href":"https:\/\/www.ecletismomusical.pt\/en\/wp-json\/wp\/v2\/tags?post=1956"}],"curies":[{"name":"wp","href":"https:\/\/api.w.org\/{rel}","templated":true}]}}