{"id":2061,"date":"2018-06-20T22:41:31","date_gmt":"2018-06-20T21:41:31","guid":{"rendered":"https:\/\/www.ecletismomusical.pt\/?p=2061"},"modified":"2018-06-20T22:43:21","modified_gmt":"2018-06-20T21:43:21","slug":"worth-listening-to-tim-bernardes-recomecar","status":"publish","type":"post","link":"https:\/\/www.ecletismomusical.pt\/en\/worth-listening-to-tim-bernardes-recomecar\/","title":{"rendered":"[Worth Listening to] Tim Bernardes &#8211; Recome\u00e7ar"},"content":{"rendered":"<p><iframe src=\"https:\/\/www.youtube.com\/embed\/mfRj60-MpRU\" width=\"560\" height=\"315\" frameborder=\"0\" allowfullscreen=\"allowfullscreen\"><\/iframe><\/p>\n<p>O brasileiro <a href=\"http:\/\/www.facebook.com\/timbernardesoficial\/\">Tim Bernardes<\/a> esteve em mini digress\u00e3o por Portugal na \u00faltima semana a apresentar o seu \u00e1lbum:\u00a0<strong>\u00abRecome\u00e7ar\u00bb<\/strong>.<\/p>\n<p>Passou pela R\u00e1dio\u00a0<a href=\"http:\/\/media.rtp.pt\/antena3\/\">Antena 3<\/a> e deixou duas p\u00e9rolas:<\/p>\n<p><iframe src=\"https:\/\/www.youtube.com\/embed\/d7IHOdmvNgk\" width=\"560\" height=\"315\" frameborder=\"0\" allowfullscreen=\"allowfullscreen\"><\/iframe><\/p>\n<p><iframe src=\"https:\/\/www.youtube.com\/embed\/0zMYtack3fI\" width=\"560\" height=\"315\" frameborder=\"0\" allowfullscreen=\"allowfullscreen\"><\/iframe><\/p>","protected":false},"excerpt":{"rendered":"<p>O brasileiro Tim Bernardes esteve em mini digress\u00e3o por Portugal na \u00faltima semana a apresentar o seu \u00e1lbum:\u00a0\u00abRecome\u00e7ar\u00bb. Passou pela R\u00e1dio\u00a0Antena 3 e deixou duas p\u00e9rolas:<\/p>","protected":false},"author":3,"featured_media":2062,"comment_status":"open","ping_status":"open","sticky":false,"template":"","format":"video","meta":[],"categories":[1,30],"tags":[194,115],"_links":{"self":[{"href":"https:\/\/www.ecletismomusical.pt\/en\/wp-json\/wp\/v2\/posts\/2061"}],"collection":[{"href":"https:\/\/www.ecletismomusical.pt\/en\/wp-json\/wp\/v2\/posts"}],"about":[{"href":"https:\/\/www.ecletismomusical.pt\/en\/wp-json\/wp\/v2\/types\/post"}],"author":[{"embeddable":true,"href":"https:\/\/www.ecletismomusical.pt\/en\/wp-json\/wp\/v2\/users\/3"}],"replies":[{"embeddable":true,"href":"https:\/\/www.ecletismomusical.pt\/en\/wp-json\/wp\/v2\/comments?post=2061"}],"version-history":[{"count":1,"href":"https:\/\/www.ecletismomusical.pt\/en\/wp-json\/wp\/v2\/posts\/2061\/revisions"}],"predecessor-version":[{"id":2063,"href":"https:\/\/www.ecletismomusical.pt\/en\/wp-json\/wp\/v2\/posts\/2061\/revisions\/2063"}],"wp:featuredmedia":[{"embeddable":true,"href":"https:\/\/www.ecletismomusical.pt\/en\/wp-json\/wp\/v2\/media\/2062"}],"wp:attachment":[{"href":"https:\/\/www.ecletismomusical.pt\/en\/wp-json\/wp\/v2\/media?parent=2061"}],"wp:term":[{"taxonomy":"category","embeddable":true,"href":"https:\/\/www.ecletismomusical.pt\/en\/wp-json\/wp\/v2\/categories?post=2061"},{"taxonomy":"post_tag","embeddable":true,"href":"https:\/\/www.ecletismomusical.pt\/en\/wp-json\/wp\/v2\/tags?post=2061"}],"curies":[{"name":"wp","href":"https:\/\/api.w.org\/{rel}","templated":true}]}}