{"id":2092,"date":"2018-06-21T10:00:26","date_gmt":"2018-06-21T09:00:26","guid":{"rendered":"https:\/\/www.ecletismomusical.pt\/?p=2092"},"modified":"2018-06-21T10:01:08","modified_gmt":"2018-06-21T09:01:08","slug":"festival-vodafone-paredes-de-coura-2018-day-schedule","status":"publish","type":"post","link":"https:\/\/www.ecletismomusical.pt\/en\/festival-vodafone-paredes-de-coura-2018-day-schedule\/","title":{"rendered":"[Festival Vodafone Paredes de Coura 2018] Day Schedule"},"content":{"rendered":"<p><a href=\"https:\/\/www.paredesdecoura.com\/\"><img class=\"alignnone size-full wp-image-2093\" src=\"https:\/\/www.ecletismomusical.pt\/wp-content\/uploads\/2018\/06\/35703226_1938950622782199_7931100301149339648_o.jpg\" alt=\"\" width=\"3368\" height=\"1245\" srcset=\"https:\/\/www.ecletismomusical.pt\/wp-content\/uploads\/2018\/06\/35703226_1938950622782199_7931100301149339648_o.jpg 3368w, https:\/\/www.ecletismomusical.pt\/wp-content\/uploads\/2018\/06\/35703226_1938950622782199_7931100301149339648_o-300x111.jpg 300w, https:\/\/www.ecletismomusical.pt\/wp-content\/uploads\/2018\/06\/35703226_1938950622782199_7931100301149339648_o-768x284.jpg 768w, https:\/\/www.ecletismomusical.pt\/wp-content\/uploads\/2018\/06\/35703226_1938950622782199_7931100301149339648_o-1024x379.jpg 1024w\" \/><\/a><\/p>\n<p><strong>Bilhetes di\u00e1rios j\u00e1 dispon\u00edveis (50\u20ac) aqui:\u00a0http:\/\/bit.ly\/VPC18\u00a0<\/strong><\/p>","protected":false},"excerpt":{"rendered":"<p>Bilhetes di\u00e1rios j\u00e1 dispon\u00edveis (50\u20ac) aqui:\u00a0http:\/\/bit.ly\/VPC18\u00a0<\/p>","protected":false},"author":3,"featured_media":2093,"comment_status":"open","ping_status":"open","sticky":false,"template":"","format":"gallery","meta":[],"categories":[1,24],"tags":[205,93],"_links":{"self":[{"href":"https:\/\/www.ecletismomusical.pt\/en\/wp-json\/wp\/v2\/posts\/2092"}],"collection":[{"href":"https:\/\/www.ecletismomusical.pt\/en\/wp-json\/wp\/v2\/posts"}],"about":[{"href":"https:\/\/www.ecletismomusical.pt\/en\/wp-json\/wp\/v2\/types\/post"}],"author":[{"embeddable":true,"href":"https:\/\/www.ecletismomusical.pt\/en\/wp-json\/wp\/v2\/users\/3"}],"replies":[{"embeddable":true,"href":"https:\/\/www.ecletismomusical.pt\/en\/wp-json\/wp\/v2\/comments?post=2092"}],"version-history":[{"count":1,"href":"https:\/\/www.ecletismomusical.pt\/en\/wp-json\/wp\/v2\/posts\/2092\/revisions"}],"predecessor-version":[{"id":2094,"href":"https:\/\/www.ecletismomusical.pt\/en\/wp-json\/wp\/v2\/posts\/2092\/revisions\/2094"}],"wp:featuredmedia":[{"embeddable":true,"href":"https:\/\/www.ecletismomusical.pt\/en\/wp-json\/wp\/v2\/media\/2093"}],"wp:attachment":[{"href":"https:\/\/www.ecletismomusical.pt\/en\/wp-json\/wp\/v2\/media?parent=2092"}],"wp:term":[{"taxonomy":"category","embeddable":true,"href":"https:\/\/www.ecletismomusical.pt\/en\/wp-json\/wp\/v2\/categories?post=2092"},{"taxonomy":"post_tag","embeddable":true,"href":"https:\/\/www.ecletismomusical.pt\/en\/wp-json\/wp\/v2\/tags?post=2092"}],"curies":[{"name":"wp","href":"https:\/\/api.w.org\/{rel}","templated":true}]}}