{"id":2115,"date":"2018-06-24T15:39:04","date_gmt":"2018-06-24T14:39:04","guid":{"rendered":"https:\/\/www.ecletismomusical.pt\/?p=2115"},"modified":"2018-06-24T15:46:10","modified_gmt":"2018-06-24T14:46:10","slug":"new-album-antonio-zambujo-miguel-araujo-28-noites-ao-vivo-nos-coliseus","status":"publish","type":"post","link":"https:\/\/www.ecletismomusical.pt\/en\/new-album-antonio-zambujo-miguel-araujo-28-noites-ao-vivo-nos-coliseus\/","title":{"rendered":"[New Album] Ant\u00f3nio Zambujo, Miguel Ara\u00fajo &#8211; 28 Noites ao Vivo nos Coliseus"},"content":{"rendered":"<p><iframe src=\"https:\/\/www.youtube.com\/embed\/ocGNHfIBnNY\" width=\"560\" height=\"315\" frameborder=\"0\" allowfullscreen=\"allowfullscreen\"><\/iframe><\/p>\n<p>Por vezes, na sociedade atual, surgem fen\u00f3menos inesperados de contamina\u00e7\u00e3o de massas. Em algumas dessas ocasi\u00f5es, estranhamente, essa contamina\u00e7\u00e3o n\u00e3o \u00e9 negativa e torna, algo inesperado, em algo hist\u00f3rico.<\/p>\n<p>Num pa\u00eds em que apenas nos \u00faltimos anos se tem voltado a dar valor aos artistas nacionais, ficar\u00e1 para a hist\u00f3ria que dois m\u00fasicos portugueses deram <strong>28 concertos seguidos nos Coliseus de Lisboa, Porto e Beja<\/strong>, ultrapassando os 76.000 espectadores!<\/p>\n<p>Esse fen\u00f3meno n\u00e3o podia deixar de ficar registado em CD e s\u00e3o <strong>32 temas<\/strong> interpretados pela dupla improv\u00e1vel de recordistas portugueses de concertos em Coliseus!<\/p>\n<p><strong>Dispon\u00edvel em diversos formatos: <a href=\"http:\/\/bit.ly\/28NoitesAoVivo\">Aqui<\/a><\/strong><\/p>\n<p>&nbsp;<\/p>","protected":false},"excerpt":{"rendered":"<p>Por vezes, na sociedade atual, surgem fen\u00f3menos inesperados de contamina\u00e7\u00e3o de massas. Em algumas dessas ocasi\u00f5es, estranhamente, essa contamina\u00e7\u00e3o n\u00e3o \u00e9 negativa e torna, algo inesperado, em algo hist\u00f3rico. Num pa\u00eds em que apenas nos \u00faltimos anos se tem voltado a dar valor aos artistas nacionais, ficar\u00e1 para a hist\u00f3ria que dois m\u00fasicos portugueses deram<\/p>","protected":false},"author":3,"featured_media":2116,"comment_status":"open","ping_status":"open","sticky":false,"template":"","format":"video","meta":[],"categories":[1,118],"tags":[215,216,85],"_links":{"self":[{"href":"https:\/\/www.ecletismomusical.pt\/en\/wp-json\/wp\/v2\/posts\/2115"}],"collection":[{"href":"https:\/\/www.ecletismomusical.pt\/en\/wp-json\/wp\/v2\/posts"}],"about":[{"href":"https:\/\/www.ecletismomusical.pt\/en\/wp-json\/wp\/v2\/types\/post"}],"author":[{"embeddable":true,"href":"https:\/\/www.ecletismomusical.pt\/en\/wp-json\/wp\/v2\/users\/3"}],"replies":[{"embeddable":true,"href":"https:\/\/www.ecletismomusical.pt\/en\/wp-json\/wp\/v2\/comments?post=2115"}],"version-history":[{"count":1,"href":"https:\/\/www.ecletismomusical.pt\/en\/wp-json\/wp\/v2\/posts\/2115\/revisions"}],"predecessor-version":[{"id":2117,"href":"https:\/\/www.ecletismomusical.pt\/en\/wp-json\/wp\/v2\/posts\/2115\/revisions\/2117"}],"wp:featuredmedia":[{"embeddable":true,"href":"https:\/\/www.ecletismomusical.pt\/en\/wp-json\/wp\/v2\/media\/2116"}],"wp:attachment":[{"href":"https:\/\/www.ecletismomusical.pt\/en\/wp-json\/wp\/v2\/media?parent=2115"}],"wp:term":[{"taxonomy":"category","embeddable":true,"href":"https:\/\/www.ecletismomusical.pt\/en\/wp-json\/wp\/v2\/categories?post=2115"},{"taxonomy":"post_tag","embeddable":true,"href":"https:\/\/www.ecletismomusical.pt\/en\/wp-json\/wp\/v2\/tags?post=2115"}],"curies":[{"name":"wp","href":"https:\/\/api.w.org\/{rel}","templated":true}]}}