{"id":2146,"date":"2018-07-09T18:03:20","date_gmt":"2018-07-09T17:03:20","guid":{"rendered":"https:\/\/www.ecletismomusical.pt\/?p=2146"},"modified":"2018-07-10T17:27:09","modified_gmt":"2018-07-10T16:27:09","slug":"nos-alive-18-day-1-what-is-worth-seeing","status":"publish","type":"post","link":"https:\/\/www.ecletismomusical.pt\/en\/nos-alive-18-day-1-what-is-worth-seeing\/","title":{"rendered":"[NOS Alive &#8217;18 &#8211; Day 1] What&#8217;s worth seeing?"},"content":{"rendered":"<p><strong>17h &#8211; Palco Sagres: Verm\u00fa<\/strong><\/p>\n<p><img class=\"alignnone wp-image-2147\" src=\"https:\/\/www.ecletismomusical.pt\/wp-content\/uploads\/2018\/06\/35388243_409887469490835_835305091064922112_n.jpg\" alt=\"\" width=\"274\" height=\"182\" srcset=\"https:\/\/www.ecletismomusical.pt\/wp-content\/uploads\/2018\/06\/35388243_409887469490835_835305091064922112_n.jpg 960w, https:\/\/www.ecletismomusical.pt\/wp-content\/uploads\/2018\/06\/35388243_409887469490835_835305091064922112_n-300x200.jpg 300w, https:\/\/www.ecletismomusical.pt\/wp-content\/uploads\/2018\/06\/35388243_409887469490835_835305091064922112_n-768x511.jpg 768w\" \/><\/p>\n<p>Os <a href=\"http:\/\/www.facebook.com\/pg\/vermubanda\/\">Verm\u00fa<\/a> s\u00e3o uma banda de Albacete e foram os vencedores da edi\u00e7\u00e3o espanhola do <a href=\"https:\/\/edplivebandsespana.edp.com\"><strong>EDP Live Bands<\/strong><\/a>. Nada como come\u00e7ar o Festival com um Indie atual vindo da vizinha Espanha.<\/p>\n<p><strong>17h40 &#8211; Palco Sagres: Juana Molina<\/strong><\/p>\n<p><img class=\"alignnone wp-image-2148\" src=\"https:\/\/www.ecletismomusical.pt\/wp-content\/uploads\/2018\/06\/29694946_10155234308885811_3205923747438679259_n.jpg\" alt=\"\" width=\"267\" height=\"178\" srcset=\"https:\/\/www.ecletismomusical.pt\/wp-content\/uploads\/2018\/06\/29694946_10155234308885811_3205923747438679259_n.jpg 960w, https:\/\/www.ecletismomusical.pt\/wp-content\/uploads\/2018\/06\/29694946_10155234308885811_3205923747438679259_n-300x200.jpg 300w, https:\/\/www.ecletismomusical.pt\/wp-content\/uploads\/2018\/06\/29694946_10155234308885811_3205923747438679259_n-768x512.jpg 768w\" \/><\/p>\n<p>A hist\u00f3rica cantora argentina <a href=\"http:\/\/www.facebook.com\/pg\/juanamolinamusic\/\"><strong>Juana Molina <\/strong><\/a>trar\u00e1 ao Nos Alive a sua folktronica experimental, num concerto que se espera demonstrar toda a sua originalidade e estilo inconfund\u00edvel.<\/p>\n<p><strong>18h50 &#8211; Palco Sagres: JAIN<\/strong><\/p>\n<p><img class=\"alignnone wp-image-2150\" src=\"https:\/\/www.ecletismomusical.pt\/wp-content\/uploads\/2018\/06\/35514118_2146307832065601_3673735899092353024_n.jpg\" alt=\"\" width=\"223\" height=\"319\" srcset=\"https:\/\/www.ecletismomusical.pt\/wp-content\/uploads\/2018\/06\/35514118_2146307832065601_3673735899092353024_n.jpg 632w, https:\/\/www.ecletismomusical.pt\/wp-content\/uploads\/2018\/06\/35514118_2146307832065601_3673735899092353024_n-210x300.jpg 210w\" \/><\/p>\n<p><b>Jeanne Galice, <\/b>conhecida por <a href=\"http:\/\/www.facebook.com\/pg\/JAINMUSIC\"><b>JAIN <\/b><\/a>\u00e9 uma artista francesa em grande ascens\u00e3o. O seu pop dan\u00e7ante e com influ\u00eancias africanas dever\u00e1 conquistar os festivaleiros e, espera-se, far\u00e1 com que pela primeira vez no festival, os presentes se levantem para dan\u00e7ar.<\/p>\n<p><strong>20h15 &#8211; Palco Sagres: Wolf Alice<\/strong><\/p>\n<p><img class=\"alignnone wp-image-2151\" src=\"https:\/\/www.ecletismomusical.pt\/wp-content\/uploads\/2018\/06\/34091263_1656813314367974_6415577136060432384_n.jpg\" alt=\"\" width=\"229\" height=\"154\" srcset=\"https:\/\/www.ecletismomusical.pt\/wp-content\/uploads\/2018\/06\/34091263_1656813314367974_6415577136060432384_n.jpg 960w, https:\/\/www.ecletismomusical.pt\/wp-content\/uploads\/2018\/06\/34091263_1656813314367974_6415577136060432384_n-300x201.jpg 300w, https:\/\/www.ecletismomusical.pt\/wp-content\/uploads\/2018\/06\/34091263_1656813314367974_6415577136060432384_n-768x515.jpg 768w\" \/><\/p>\n<p>Oportunidade de ver o verdadeiro animal de palco que \u00e9\u00a0<strong>Ellie Rowsell<\/strong>\u00a0a acordar o monstro rock no primeiro dia do Festival. Espera-se um set en\u00e9rgico e cheio de power dos <a href=\"http:\/\/www.facebook.com\/pg\/wolfalicemusic\">Wolf Alice<\/a>.<\/p>\n<p><strong>21h40 &#8211; Palco Sagres:\u00a0Friendly Fires<\/strong><\/p>\n<p><img class=\"alignnone wp-image-2152\" src=\"https:\/\/www.ecletismomusical.pt\/wp-content\/uploads\/2018\/06\/35349094_10155585946433170_475120470673326080_n.jpg\" alt=\"\" width=\"232\" height=\"154\" srcset=\"https:\/\/www.ecletismomusical.pt\/wp-content\/uploads\/2018\/06\/35349094_10155585946433170_475120470673326080_n.jpg 960w, https:\/\/www.ecletismomusical.pt\/wp-content\/uploads\/2018\/06\/35349094_10155585946433170_475120470673326080_n-300x199.jpg 300w, https:\/\/www.ecletismomusical.pt\/wp-content\/uploads\/2018\/06\/35349094_10155585946433170_475120470673326080_n-768x510.jpg 768w\" \/><\/p>\n<p>Depois de um concerto no Alive de 2011 que deixou boas recorda\u00e7\u00f5es, espera-se que os <a href=\"http:\/\/www.facebook.com\/pg\/FriendlyFires\">Friendly Fires<\/a>, a regressar aos poucos aos grandes palcos, possam demonstrar uma vitalidade renovada.<\/p>\n<p><strong>23h05 &#8211; Palco Sagres: Khalid<\/strong><\/p>\n<p><img class=\"alignnone wp-image-2154\" src=\"https:\/\/www.ecletismomusical.pt\/wp-content\/uploads\/2018\/06\/34324830_920339728172868_4200226188670533632_n-1.jpg\" alt=\"\" width=\"226\" height=\"283\" srcset=\"https:\/\/www.ecletismomusical.pt\/wp-content\/uploads\/2018\/06\/34324830_920339728172868_4200226188670533632_n-1.jpg 768w, https:\/\/www.ecletismomusical.pt\/wp-content\/uploads\/2018\/06\/34324830_920339728172868_4200226188670533632_n-1-240x300.jpg 240w\" \/><\/p>\n<p>Artista revela\u00e7\u00e3o em 2017, <a href=\"http:\/\/www.facebook.com\/pg\/thegreatkhalid\/\">Khalid<\/a>, o cantor alternativo de R&amp;B\u00a0 far\u00e1 a sua estreia em Portugal e ter\u00e1 certamente uma legi\u00e3o de f\u00e3s \u00e1vidos de presencial pela primeira vez ao vivo, o concerto de um artista em ascens\u00e3o mete\u00f3rica.<\/p>\n<p><strong>00h05 &#8211; Palco NOS: Arctic Monkeys<\/strong><\/p>\n<p><img class=\"alignnone wp-image-2155\" src=\"https:\/\/www.ecletismomusical.pt\/wp-content\/uploads\/2018\/06\/32475310_10156333866500967_6942493645308166144_n.jpg\" alt=\"\" width=\"220\" height=\"293\" srcset=\"https:\/\/www.ecletismomusical.pt\/wp-content\/uploads\/2018\/06\/32475310_10156333866500967_6942493645308166144_n.jpg 720w, https:\/\/www.ecletismomusical.pt\/wp-content\/uploads\/2018\/06\/32475310_10156333866500967_6942493645308166144_n-225x300.jpg 225w\" \/><\/p>\n<p>Dispensam apresenta\u00e7\u00f5es. S\u00e3o o motivo pelo qual uma parte dos festivaleiros comprou bilhete para o primeiro dia do Alive. Curiosidade para perceber o que os <a href=\"http:\/\/www.facebook.com\/pg\/ArcticMonkeys\">Arctic Monkeys<\/a> far\u00e3o ao vivo, pouco tempo depois de terem lan\u00e7ado um novo e pouco consensual novo \u00e1lbum.<\/p>\n<p><strong>01h35 &#8211; Palco Sagres: Sampha\u00a0<\/strong><\/p>\n<p><img class=\"alignnone wp-image-2156\" src=\"https:\/\/www.ecletismomusical.pt\/wp-content\/uploads\/2018\/06\/21751397_10155896936457176_6802298682145286448_n.jpg\" alt=\"\" width=\"218\" height=\"145\" srcset=\"https:\/\/www.ecletismomusical.pt\/wp-content\/uploads\/2018\/06\/21751397_10155896936457176_6802298682145286448_n.jpg 960w, https:\/\/www.ecletismomusical.pt\/wp-content\/uploads\/2018\/06\/21751397_10155896936457176_6802298682145286448_n-300x200.jpg 300w, https:\/\/www.ecletismomusical.pt\/wp-content\/uploads\/2018\/06\/21751397_10155896936457176_6802298682145286448_n-768x512.jpg 768w\" \/><\/p>\n<p>Em 2017, com o seu \u00e1lbum de estreia, conseguiu logo ganhar o Mercury Prize! <a href=\"http:\/\/www.facebook.com\/pg\/SamphaMusic\">Sampha<\/a> tem vindo a coleccionar elogios e espera-se um concerto onde a electr\u00f3nica se alia ao seu poder vocal numa mescla que dever\u00e1 provocar uma enchente no Palco Sagres.<\/p>\n<p><strong>03h10 &#8211; Palco\u00a0<em>NOS Clubbing: Sophie<\/em><\/strong><\/p>\n<p><img class=\"alignnone wp-image-2157\" src=\"https:\/\/www.ecletismomusical.pt\/wp-content\/uploads\/2018\/06\/24899705_1385680774892260_3544257947487548892_n.jpg\" alt=\"\" width=\"213\" height=\"213\" srcset=\"https:\/\/www.ecletismomusical.pt\/wp-content\/uploads\/2018\/06\/24899705_1385680774892260_3544257947487548892_n.jpg 960w, https:\/\/www.ecletismomusical.pt\/wp-content\/uploads\/2018\/06\/24899705_1385680774892260_3544257947487548892_n-150x150.jpg 150w, https:\/\/www.ecletismomusical.pt\/wp-content\/uploads\/2018\/06\/24899705_1385680774892260_3544257947487548892_n-300x300.jpg 300w, https:\/\/www.ecletismomusical.pt\/wp-content\/uploads\/2018\/06\/24899705_1385680774892260_3544257947487548892_n-768x768.jpg 768w\" \/><\/p>\n<p><a href=\"http:\/\/www.facebook.com\/pg\/msmsmsmsophie\/\">Sophie\u00a0<\/a>\u00e9 uma artista transg\u00e9nero que foi produtora de nomes como Madonna (estar\u00e1 ela no Alive a ver?), Charlie XCX e Vince Staples. Ser\u00e1 certamente um espect\u00e1culo impactante para fechar o primeiro dia do festival.<\/p>","protected":false},"excerpt":{"rendered":"<p>17h &#8211; Palco Sagres: Verm\u00fa Os Verm\u00fa s\u00e3o uma banda de Albacete e foram os vencedores da edi\u00e7\u00e3o espanhola do EDP Live Bands. Nada como come\u00e7ar o Festival com um Indie atual vindo da vizinha Espanha. 17h40 &#8211; Palco Sagres: Juana Molina A hist\u00f3rica cantora argentina Juana Molina trar\u00e1 ao Nos Alive a sua folktronica<\/p>","protected":false},"author":3,"featured_media":2158,"comment_status":"open","ping_status":"open","sticky":false,"template":"","format":"standard","meta":[],"categories":[1,24],"tags":[230,231],"_links":{"self":[{"href":"https:\/\/www.ecletismomusical.pt\/en\/wp-json\/wp\/v2\/posts\/2146"}],"collection":[{"href":"https:\/\/www.ecletismomusical.pt\/en\/wp-json\/wp\/v2\/posts"}],"about":[{"href":"https:\/\/www.ecletismomusical.pt\/en\/wp-json\/wp\/v2\/types\/post"}],"author":[{"embeddable":true,"href":"https:\/\/www.ecletismomusical.pt\/en\/wp-json\/wp\/v2\/users\/3"}],"replies":[{"embeddable":true,"href":"https:\/\/www.ecletismomusical.pt\/en\/wp-json\/wp\/v2\/comments?post=2146"}],"version-history":[{"count":5,"href":"https:\/\/www.ecletismomusical.pt\/en\/wp-json\/wp\/v2\/posts\/2146\/revisions"}],"predecessor-version":[{"id":2415,"href":"https:\/\/www.ecletismomusical.pt\/en\/wp-json\/wp\/v2\/posts\/2146\/revisions\/2415"}],"wp:featuredmedia":[{"embeddable":true,"href":"https:\/\/www.ecletismomusical.pt\/en\/wp-json\/wp\/v2\/media\/2158"}],"wp:attachment":[{"href":"https:\/\/www.ecletismomusical.pt\/en\/wp-json\/wp\/v2\/media?parent=2146"}],"wp:term":[{"taxonomy":"category","embeddable":true,"href":"https:\/\/www.ecletismomusical.pt\/en\/wp-json\/wp\/v2\/categories?post=2146"},{"taxonomy":"post_tag","embeddable":true,"href":"https:\/\/www.ecletismomusical.pt\/en\/wp-json\/wp\/v2\/tags?post=2146"}],"curies":[{"name":"wp","href":"https:\/\/api.w.org\/{rel}","templated":true}]}}