{"id":2363,"date":"2018-07-08T12:37:06","date_gmt":"2018-07-08T11:37:06","guid":{"rendered":"https:\/\/www.ecletismomusical.pt\/?p=2363"},"modified":"2018-07-10T10:38:08","modified_gmt":"2018-07-10T09:38:08","slug":"new-singles-linda-martini-e-so-uma-cancao-quase-se-fez-uma-casa","status":"publish","type":"post","link":"https:\/\/www.ecletismomusical.pt\/en\/new-singles-linda-martini-e-so-uma-cancao-quase-se-fez-uma-casa\/","title":{"rendered":"[New Singles] Linda Martini &#8211; \u00c9 S\u00f3 uma Can\u00e7\u00e3o + Quase se Fez Uma Casa"},"content":{"rendered":"<p><iframe src=\"https:\/\/www.youtube.com\/embed\/NLLiS-Q_PeI\" width=\"560\" height=\"315\" frameborder=\"0\" allowfullscreen=\"allowfullscreen\"><\/iframe><\/p>","protected":false},"excerpt":{"rendered":"","protected":false},"author":3,"featured_media":2364,"comment_status":"open","ping_status":"open","sticky":false,"template":"","format":"video","meta":[],"categories":[1,26],"tags":[286,87,287],"_links":{"self":[{"href":"https:\/\/www.ecletismomusical.pt\/en\/wp-json\/wp\/v2\/posts\/2363"}],"collection":[{"href":"https:\/\/www.ecletismomusical.pt\/en\/wp-json\/wp\/v2\/posts"}],"about":[{"href":"https:\/\/www.ecletismomusical.pt\/en\/wp-json\/wp\/v2\/types\/post"}],"author":[{"embeddable":true,"href":"https:\/\/www.ecletismomusical.pt\/en\/wp-json\/wp\/v2\/users\/3"}],"replies":[{"embeddable":true,"href":"https:\/\/www.ecletismomusical.pt\/en\/wp-json\/wp\/v2\/comments?post=2363"}],"version-history":[{"count":1,"href":"https:\/\/www.ecletismomusical.pt\/en\/wp-json\/wp\/v2\/posts\/2363\/revisions"}],"predecessor-version":[{"id":2365,"href":"https:\/\/www.ecletismomusical.pt\/en\/wp-json\/wp\/v2\/posts\/2363\/revisions\/2365"}],"wp:featuredmedia":[{"embeddable":true,"href":"https:\/\/www.ecletismomusical.pt\/en\/wp-json\/wp\/v2\/media\/2364"}],"wp:attachment":[{"href":"https:\/\/www.ecletismomusical.pt\/en\/wp-json\/wp\/v2\/media?parent=2363"}],"wp:term":[{"taxonomy":"category","embeddable":true,"href":"https:\/\/www.ecletismomusical.pt\/en\/wp-json\/wp\/v2\/categories?post=2363"},{"taxonomy":"post_tag","embeddable":true,"href":"https:\/\/www.ecletismomusical.pt\/en\/wp-json\/wp\/v2\/tags?post=2363"}],"curies":[{"name":"wp","href":"https:\/\/api.w.org\/{rel}","templated":true}]}}