{"id":2396,"date":"2018-07-10T17:12:43","date_gmt":"2018-07-10T16:12:43","guid":{"rendered":"https:\/\/www.ecletismomusical.pt\/?p=2396"},"modified":"2018-07-10T17:26:45","modified_gmt":"2018-07-10T16:26:45","slug":"nos-alive-18-day-2-whats-worth-seeing","status":"publish","type":"post","link":"https:\/\/www.ecletismomusical.pt\/en\/nos-alive-18-day-2-whats-worth-seeing\/","title":{"rendered":"[NOS Alive \u201918 \u2013 Day 2] What\u2019s worth seeing?"},"content":{"rendered":"<p>Num Festival como este, cada vez se torna mais complicado n\u00e3o perder grandes concertos. A sobreposi\u00e7\u00e3o \u00e9 inevit\u00e1vel, pelo que, ou se opta por ver apenas algumas m\u00fasicas de cada concerto ou concertos inteiros de apenas algumas bandas. Um alinhamento poss\u00edvel para o 2\u00ba dia:<\/p>\n<p><strong>17h &#8211; Palco NOS: <a href=\"http:\/\/www.facebook.com\/officialkaleo\/\">Kaleo<\/a><\/strong><\/p>\n<p><img class=\"alignnone wp-image-2398\" src=\"https:\/\/www.ecletismomusical.pt\/wp-content\/uploads\/2018\/07\/12438971_444505185742588_5873902346957073701_n.jpg\" alt=\"\" width=\"264\" height=\"176\" srcset=\"https:\/\/www.ecletismomusical.pt\/wp-content\/uploads\/2018\/07\/12438971_444505185742588_5873902346957073701_n.jpg 960w, https:\/\/www.ecletismomusical.pt\/wp-content\/uploads\/2018\/07\/12438971_444505185742588_5873902346957073701_n-300x200.jpg 300w, https:\/\/www.ecletismomusical.pt\/wp-content\/uploads\/2018\/07\/12438971_444505185742588_5873902346957073701_n-768x512.jpg 768w\" \/><\/p>\n<p>Os <strong>Kaleo, <\/strong>origin\u00e1rios da Isl\u00e2ndia<strong>,<\/strong>\u00a0s\u00e3o bem mais do que o single <strong>&#8220;Way Down We Go&#8221;<\/strong>.\u00a0<strong>JJ Julius Son<\/strong> (o vocalista da banda) \u00e9 possuidor de um excelente instrumento vocal, capaz de dar uma roupagem diferente em cada um dos temas, que deambulam entre o Indie, o Rock e os Blues. Grande forma de come\u00e7ar o 2\u00ba dia do Alive, com uma banda que provavelmente merecia um hor\u00e1rio ao p\u00f4r do sol.<\/p>\n<p><strong>17h50 &#8211; Palco Sagres: <a href=\"http:\/\/www.facebook.com\/japandroids\/\">Japandroids<\/a><\/strong><\/p>\n<p><img class=\"alignnone wp-image-2399\" src=\"https:\/\/www.ecletismomusical.pt\/wp-content\/uploads\/2018\/07\/14956007_10154487629598311_8667930441992039287_n.jpg\" alt=\"\" width=\"268\" height=\"268\" srcset=\"https:\/\/www.ecletismomusical.pt\/wp-content\/uploads\/2018\/07\/14956007_10154487629598311_8667930441992039287_n.jpg 516w, https:\/\/www.ecletismomusical.pt\/wp-content\/uploads\/2018\/07\/14956007_10154487629598311_8667930441992039287_n-150x150.jpg 150w, https:\/\/www.ecletismomusical.pt\/wp-content\/uploads\/2018\/07\/14956007_10154487629598311_8667930441992039287_n-300x300.jpg 300w\" \/><\/p>\n<p>Aten\u00e7\u00e3o, vai ser um grande concerto! Depois de um grande concerto no Paredes de Coura do ano passado, o Rock &amp; Roll de Brian King &amp; David Prowse (<strong>Japandroids<\/strong>) vai agitar o Alive. Ao vivo, s\u00e3o capazes de transformar o momento numa grande festa rock, que certamente far\u00e1 com que, todos os presentes no Palco Sagres, se levantem do ch\u00e3o mais cedo do que eventualmente esperariam.<\/p>\n<p><strong>19h &#8211; Palco Sagres: <a href=\"https:\/\/www.facebook.com\/THEEELS\/\">EELS<\/a><\/strong><\/p>\n<p><img class=\"alignnone wp-image-2400\" src=\"https:\/\/www.ecletismomusical.pt\/wp-content\/uploads\/2018\/07\/36616258_10155416441515974_9047708862290853888_n.jpg\" alt=\"\" width=\"267\" height=\"178\" srcset=\"https:\/\/www.ecletismomusical.pt\/wp-content\/uploads\/2018\/07\/36616258_10155416441515974_9047708862290853888_n.jpg 892w, https:\/\/www.ecletismomusical.pt\/wp-content\/uploads\/2018\/07\/36616258_10155416441515974_9047708862290853888_n-300x201.jpg 300w, https:\/\/www.ecletismomusical.pt\/wp-content\/uploads\/2018\/07\/36616258_10155416441515974_9047708862290853888_n-768x514.jpg 768w\" \/><\/p>\n<p>O Rock ir\u00e1 continuar em grande no Palco Sagres. Depois do Rock &amp; Roll com um cariz mais &#8220;eterno jovem adolescente&#8221; dos Japandroids chegar\u00e1\u00a0<strong>Mark Oliver Everett<\/strong> e a sua orquestra de Rock maduro nascido a partir de 1995! Os <a href=\"http:\/\/www.facebook.com\/pg\/THEEELS\"><strong>EELS<\/strong><\/a> s\u00e3o uma institui\u00e7\u00e3o e merecem total aten\u00e7\u00e3o neste regresso ao formato banda!<\/p>\n<p><strong>19h50 &#8211; Palco NOS: <a href=\"http:\/\/www.facebook.com\/thekooksofficial\/\">The Kooks<\/a><\/strong><\/p>\n<p><img class=\"alignnone wp-image-2401\" src=\"https:\/\/www.ecletismomusical.pt\/wp-content\/uploads\/2018\/07\/32588559_10155942434668891_5208165162325901312_n.jpg\" alt=\"\" width=\"263\" height=\"263\" srcset=\"https:\/\/www.ecletismomusical.pt\/wp-content\/uploads\/2018\/07\/32588559_10155942434668891_5208165162325901312_n.jpg 960w, https:\/\/www.ecletismomusical.pt\/wp-content\/uploads\/2018\/07\/32588559_10155942434668891_5208165162325901312_n-150x150.jpg 150w, https:\/\/www.ecletismomusical.pt\/wp-content\/uploads\/2018\/07\/32588559_10155942434668891_5208165162325901312_n-300x300.jpg 300w, https:\/\/www.ecletismomusical.pt\/wp-content\/uploads\/2018\/07\/32588559_10155942434668891_5208165162325901312_n-768x768.jpg 768w\" \/><\/p>\n<p>Os brit\u00e2nicos\u00a0<strong>Kooks<\/strong> dispensam apresenta\u00e7\u00f5es, contando com uma legi\u00e3o de seguidores. Este concerto espera-se que seja, especialmente impactante, uma vez que tem na sua base o seu mais recente trabalho \u00abThe Best of&#8230;So Far\u00bb que comemora o d\u00e9cimo anivers\u00e1rio da banda. Assim, vai ser um concerto em formato <em>best of<\/em> com os principais hits da carreira.<\/p>\n<p><strong>20h25 &#8211; Palco Sagres:\u00a0<a href=\"http:\/\/www.facebook.com\/pg\/TheRealYLT\/\">Yo La Tengo<\/a><\/strong><\/p>\n<p><img class=\"alignnone wp-image-2152\" src=\"https:\/\/www.ecletismomusical.pt\/wp-content\/uploads\/2018\/06\/35349094_10155585946433170_475120470673326080_n.jpg\" alt=\"\" width=\"232\" height=\"154\" srcset=\"https:\/\/www.ecletismomusical.pt\/wp-content\/uploads\/2018\/06\/35349094_10155585946433170_475120470673326080_n.jpg 960w, https:\/\/www.ecletismomusical.pt\/wp-content\/uploads\/2018\/06\/35349094_10155585946433170_475120470673326080_n-300x199.jpg 300w, https:\/\/www.ecletismomusical.pt\/wp-content\/uploads\/2018\/06\/35349094_10155585946433170_475120470673326080_n-768x510.jpg 768w\" \/><\/p>\n<p>Banda de culto. Ser\u00e1 um daqueles momentos em que todos os que acompanham a banda estar\u00e3o nas primeiras filas a disfrutar de cada acorde. Todos os outros, estar\u00e3o a tentar perceber o que se passa naquele palco. S\u00e3o uma institui\u00e7\u00e3o que, apesar do sucesso; sempre mantiveram o estatuto de &#8220;banda de culto, e isso, n\u00e3o \u00e9 para quem quer!<\/p>\n<p><strong>21h20 &#8211; Palco NOS: <a href=\"http:\/\/www.facebook.com\/thenationalofficial\/\">The National<\/a><\/strong><\/p>\n<p><img class=\"alignnone wp-image-2402\" src=\"https:\/\/www.ecletismomusical.pt\/wp-content\/uploads\/2018\/07\/20108487_10154544984666010_5542846297110956151_n.jpg\" alt=\"\" width=\"233\" height=\"155\" srcset=\"https:\/\/www.ecletismomusical.pt\/wp-content\/uploads\/2018\/07\/20108487_10154544984666010_5542846297110956151_n.jpg 960w, https:\/\/www.ecletismomusical.pt\/wp-content\/uploads\/2018\/07\/20108487_10154544984666010_5542846297110956151_n-300x199.jpg 300w, https:\/\/www.ecletismomusical.pt\/wp-content\/uploads\/2018\/07\/20108487_10154544984666010_5542846297110956151_n-768x510.jpg 768w\" \/><\/p>\n<p>Para que se perceba bem a qualidade do cartaz do <strong>NOS Alive,<\/strong> o 2\u00ba dia ter\u00e1 come\u00e7ado apenas h\u00e1 pouco mais de 4 horas e j\u00e1 ter\u00e3o passado v\u00e1rias bandas de culto pelos diversos palcos. Se o 2\u00ba dia est\u00e1 recheado de bandas de culto, este momento, ser\u00e1 incontorn\u00e1vel. Os National s\u00e3o enormes em Portugal e a legi\u00e3o de f\u00e3s vai l\u00e1 estar a cantar cada refr\u00e3o. Vai ser certamente um dos concertos do dia e do festival!<\/p>\n<p><strong>22h00 &#8211; Palco Sagres: <a href=\"http:\/\/www.facebook.com\/portugaltheman\/\">Portugal. The Man<\/a><\/strong><\/p>\n<p><img class=\"alignnone wp-image-2403\" src=\"https:\/\/www.ecletismomusical.pt\/wp-content\/uploads\/2018\/07\/36970483_10156577707674743_8212335502720761856_n.jpg\" alt=\"\" width=\"236\" height=\"157\" srcset=\"https:\/\/www.ecletismomusical.pt\/wp-content\/uploads\/2018\/07\/36970483_10156577707674743_8212335502720761856_n.jpg 960w, https:\/\/www.ecletismomusical.pt\/wp-content\/uploads\/2018\/07\/36970483_10156577707674743_8212335502720761856_n-300x199.jpg 300w, https:\/\/www.ecletismomusical.pt\/wp-content\/uploads\/2018\/07\/36970483_10156577707674743_8212335502720761856_n-768x509.jpg 768w\" \/><\/p>\n<p>Mais um bom exemplo de um crescimento sustentado. Os <strong>Portugal. The Man<\/strong> t\u00eam vindo a receber repetidos elogios e a aumentar exponencialmente a sua base de apoio. N\u00e3o faltar\u00e1 &#8220;\u201cFeel It Still\u201d, o seu maior sucesso, mas \u00e9 uma banda com um colectivo muito bem oleado e que dar\u00e1 certamente um concerto muito consistente.<\/p>\n<p><strong>23h05 &#8211; Palco NOS: <a href=\"http:\/\/www.facebook.com\/QOTSA\/\">Queens of the Stone Age<\/a><\/strong><\/p>\n<p><img class=\"alignnone wp-image-2404\" src=\"https:\/\/www.ecletismomusical.pt\/wp-content\/uploads\/2018\/07\/36500719_10156621351717806_7141628055935516672_n.jpg\" alt=\"\" width=\"239\" height=\"159\" srcset=\"https:\/\/www.ecletismomusical.pt\/wp-content\/uploads\/2018\/07\/36500719_10156621351717806_7141628055935516672_n.jpg 960w, https:\/\/www.ecletismomusical.pt\/wp-content\/uploads\/2018\/07\/36500719_10156621351717806_7141628055935516672_n-300x200.jpg 300w, https:\/\/www.ecletismomusical.pt\/wp-content\/uploads\/2018\/07\/36500719_10156621351717806_7141628055935516672_n-768x512.jpg 768w\" \/><\/p>\n<p>Uma das maiores bandas de rock de sempre. Josh Homme e companhia ir\u00e3o certamente incendiar o esgotado passeio mar\u00edtimo de Oeiras, em mais um concerto que se espera \u00e9pico.<\/p>\n<p><strong>01h00 &#8211; Palco Sagres: <a href=\"http:\/\/www.facebook.com\/FutureIslandsMusic\/\">Future Islands<\/a><\/strong><\/p>\n<p><img class=\"alignnone wp-image-2405\" src=\"https:\/\/www.ecletismomusical.pt\/wp-content\/uploads\/2018\/07\/33504504_10155597024366569_8837039835953758208_n.png\" alt=\"\" width=\"242\" height=\"161\" srcset=\"https:\/\/www.ecletismomusical.pt\/wp-content\/uploads\/2018\/07\/33504504_10155597024366569_8837039835953758208_n.png 596w, https:\/\/www.ecletismomusical.pt\/wp-content\/uploads\/2018\/07\/33504504_10155597024366569_8837039835953758208_n-300x200.png 300w\" \/><\/p>\n<p>Os <strong>Future Islands<\/strong> est\u00e3o em grande forma, tendo vindo a dar grandes concertos e a serem muito elogiados pela cr\u00edtica. S\u00e3o uma banda que tem vindo a ter um crescimento muito sustentado, e que, com a passagem dos anos se tem tornado incontorn\u00e1vel no panorama <em>indie<\/em>. Concerto imperd\u00edvel.<\/p>\n<p><strong>01h30 &#8211; Palco NOS: <a href=\"http:\/\/www.facebook.com\/twodoorcinemaclub\/\">Two Door Cinema Club<\/a><\/strong><\/p>\n<p><img class=\"alignnone wp-image-2406\" src=\"https:\/\/www.ecletismomusical.pt\/wp-content\/uploads\/2018\/07\/28377959_10155378434827849_2078677291006287187_n.jpg\" alt=\"\" width=\"242\" height=\"161\" srcset=\"https:\/\/www.ecletismomusical.pt\/wp-content\/uploads\/2018\/07\/28377959_10155378434827849_2078677291006287187_n.jpg 960w, https:\/\/www.ecletismomusical.pt\/wp-content\/uploads\/2018\/07\/28377959_10155378434827849_2078677291006287187_n-300x200.jpg 300w, https:\/\/www.ecletismomusical.pt\/wp-content\/uploads\/2018\/07\/28377959_10155378434827849_2078677291006287187_n-768x512.jpg 768w\" \/><\/p>\n<p>Vai ser uma grande festa.\u00a0<strong>Alex Trimble<\/strong> e companhia t\u00eam uma energia contagiante e colocar\u00e3o certamente toda a gente a dan\u00e7ar com os seus hinos tal como j\u00e1 aconteceu no passado no palco 2 do Nos Alive.<\/p>\n<p><strong>02H45 &#8211; Palco Sagres:\u00a0<a href=\"http:\/\/www.facebook.com\/pg\/CHVRCHES\/\">CHVRCHES<\/a><\/strong><\/p>\n<p><img class=\"alignnone wp-image-2407\" src=\"https:\/\/www.ecletismomusical.pt\/wp-content\/uploads\/2018\/07\/35531937_2259401324086448_8093623439882977280_n.jpg\" alt=\"\" width=\"239\" height=\"157\" srcset=\"https:\/\/www.ecletismomusical.pt\/wp-content\/uploads\/2018\/07\/35531937_2259401324086448_8093623439882977280_n.jpg 750w, https:\/\/www.ecletismomusical.pt\/wp-content\/uploads\/2018\/07\/35531937_2259401324086448_8093623439882977280_n-300x196.jpg 300w\" \/><\/p>\n<p>Sim, valer\u00e1 muito a pena esperar at\u00e9 perto das 3 da manh\u00e3 para ver\u00a0<strong>Lauren Mayberry<\/strong> e companhia na sua estreia no NOS Alive! Os <strong>CHVRCHES<\/strong> ir\u00e3o certamente fechar o 2\u00ba dia do Alive com chave d&#8217;ouro, numa mescla entre a eletr\u00f3nico e o techno-pop sempre guiados pela voz da inconfund\u00edvel\u00a0Lauren Mayberry. Para dan\u00e7ar quase at\u00e9 amanhecer!<\/p>","protected":false},"excerpt":{"rendered":"<p>Num Festival como este, cada vez se torna mais complicado n\u00e3o perder grandes concertos. A sobreposi\u00e7\u00e3o \u00e9 inevit\u00e1vel, pelo que, ou se opta por ver apenas algumas m\u00fasicas de cada concerto ou concertos inteiros de apenas algumas bandas. Um alinhamento poss\u00edvel para o 2\u00ba dia: 17h &#8211; Palco NOS: Kaleo Os Kaleo, origin\u00e1rios da Isl\u00e2ndia,\u00a0s\u00e3o<\/p>","protected":false},"author":3,"featured_media":2410,"comment_status":"open","ping_status":"open","sticky":false,"template":"","format":"standard","meta":[],"categories":[1,24],"tags":[91,297],"_links":{"self":[{"href":"https:\/\/www.ecletismomusical.pt\/en\/wp-json\/wp\/v2\/posts\/2396"}],"collection":[{"href":"https:\/\/www.ecletismomusical.pt\/en\/wp-json\/wp\/v2\/posts"}],"about":[{"href":"https:\/\/www.ecletismomusical.pt\/en\/wp-json\/wp\/v2\/types\/post"}],"author":[{"embeddable":true,"href":"https:\/\/www.ecletismomusical.pt\/en\/wp-json\/wp\/v2\/users\/3"}],"replies":[{"embeddable":true,"href":"https:\/\/www.ecletismomusical.pt\/en\/wp-json\/wp\/v2\/comments?post=2396"}],"version-history":[{"count":2,"href":"https:\/\/www.ecletismomusical.pt\/en\/wp-json\/wp\/v2\/posts\/2396\/revisions"}],"predecessor-version":[{"id":2414,"href":"https:\/\/www.ecletismomusical.pt\/en\/wp-json\/wp\/v2\/posts\/2396\/revisions\/2414"}],"wp:featuredmedia":[{"embeddable":true,"href":"https:\/\/www.ecletismomusical.pt\/en\/wp-json\/wp\/v2\/media\/2410"}],"wp:attachment":[{"href":"https:\/\/www.ecletismomusical.pt\/en\/wp-json\/wp\/v2\/media?parent=2396"}],"wp:term":[{"taxonomy":"category","embeddable":true,"href":"https:\/\/www.ecletismomusical.pt\/en\/wp-json\/wp\/v2\/categories?post=2396"},{"taxonomy":"post_tag","embeddable":true,"href":"https:\/\/www.ecletismomusical.pt\/en\/wp-json\/wp\/v2\/tags?post=2396"}],"curies":[{"name":"wp","href":"https:\/\/api.w.org\/{rel}","templated":true}]}}