{"id":2421,"date":"2018-07-11T13:30:21","date_gmt":"2018-07-11T12:30:21","guid":{"rendered":"https:\/\/www.ecletismomusical.pt\/?p=2421"},"modified":"2018-07-11T13:32:21","modified_gmt":"2018-07-11T12:32:21","slug":"nos-alive-18-day-3-whats-worth-seeing","status":"publish","type":"post","link":"https:\/\/www.ecletismomusical.pt\/en\/nos-alive-18-day-3-whats-worth-seeing\/","title":{"rendered":"[NOS Alive \u201918 \u2013 Day 3] What\u2019s worth seeing?"},"content":{"rendered":"<p>O <strong>dia 14, 3\u00ba dia do NOS Alive&#8217;18<\/strong> \u00e9 o dia de <strong>Pearl Jam<\/strong>. Foi esta banda que fez esgotar em menos de uma semana os passes de 3 dias. Est\u00e1vamos em Dezembro de 2017! A seguir, uma sucess\u00e3o de confirma\u00e7\u00f5es, todas para o dia 14, fazendo deste dia, &#8220;o dia&#8221; da edi\u00e7\u00e3o 2018 do Alive. Um alinhamento poss\u00edvel:<\/p>\n<p><strong>17h00 &#8211; Palco NOS: <a href=\"http:\/\/www.facebook.com\/pg\/thelastinternationale\">The Last Internacionale<\/a><\/strong><\/p>\n<p><img class=\"alignnone wp-image-2422\" src=\"https:\/\/www.ecletismomusical.pt\/wp-content\/uploads\/2018\/07\/36825366_10157552659984951_5364561302578528256_n.jpg\" alt=\"\" width=\"276\" height=\"184\" srcset=\"https:\/\/www.ecletismomusical.pt\/wp-content\/uploads\/2018\/07\/36825366_10157552659984951_5364561302578528256_n.jpg 800w, https:\/\/www.ecletismomusical.pt\/wp-content\/uploads\/2018\/07\/36825366_10157552659984951_5364561302578528256_n-300x200.jpg 300w, https:\/\/www.ecletismomusical.pt\/wp-content\/uploads\/2018\/07\/36825366_10157552659984951_5364561302578528256_n-768x512.jpg 768w\" \/><\/p>\n<p>Ser\u00e1 a primeira grande surpresa do 3\u00ba dia.\u00a0<strong>Delila Paz<\/strong> \u00e9 um animal de palco, para al\u00e9m de ser dona de uma senhora voz. Ao vivo, Delila solta um rock n\u00b4roll suado e com enorme entrega f\u00edsica. Vejam, vai valer a pena!<\/p>\n<p><strong>17h45 &#8211; Palco Sagres: <a href=\"http:\/\/www.facebook.com\/pg\/marmozets\/\">Marmozets<\/a><\/strong><\/p>\n<h1 class=\"entry-title\"><img class=\"alignnone wp-image-2423\" src=\"https:\/\/www.ecletismomusical.pt\/wp-content\/uploads\/2018\/07\/20139632_10155440072962416_8876897372394836003_n.jpg\" alt=\"\" width=\"270\" height=\"270\" srcset=\"https:\/\/www.ecletismomusical.pt\/wp-content\/uploads\/2018\/07\/20139632_10155440072962416_8876897372394836003_n.jpg 960w, https:\/\/www.ecletismomusical.pt\/wp-content\/uploads\/2018\/07\/20139632_10155440072962416_8876897372394836003_n-150x150.jpg 150w, https:\/\/www.ecletismomusical.pt\/wp-content\/uploads\/2018\/07\/20139632_10155440072962416_8876897372394836003_n-300x300.jpg 300w, https:\/\/www.ecletismomusical.pt\/wp-content\/uploads\/2018\/07\/20139632_10155440072962416_8876897372394836003_n-768x768.jpg 768w\" \/><\/h1>\n<p>Se Delila Paz \u00e9 um animal de palco, <strong>Becca Macintyre <\/strong>dos Marmozets n\u00e3o lhe fica atr\u00e1s. Um rock alternativo com descargas de energia que far\u00e1 estremecer a tenda do Palco Sagres. Sim, os <strong>Alice In Chains<\/strong> v\u00e3o estar a tocar no Palco NOS, pelo que, a escolha ser\u00e1 dif\u00edcil.<\/p>\n<p><strong>19h05 &#8211; Palco Sagres: <a href=\"http:\/\/www.facebook.com\/realestateband\/\">Real Estate<\/a><\/strong><\/p>\n<p><img class=\"alignnone wp-image-2424\" src=\"https:\/\/www.ecletismomusical.pt\/wp-content\/uploads\/2018\/07\/29791173_2294652583881786_4774122886965508972_n.jpg\" alt=\"\" width=\"267\" height=\"190\" srcset=\"https:\/\/www.ecletismomusical.pt\/wp-content\/uploads\/2018\/07\/29791173_2294652583881786_4774122886965508972_n.jpg 960w, https:\/\/www.ecletismomusical.pt\/wp-content\/uploads\/2018\/07\/29791173_2294652583881786_4774122886965508972_n-300x214.jpg 300w, https:\/\/www.ecletismomusical.pt\/wp-content\/uploads\/2018\/07\/29791173_2294652583881786_4774122886965508972_n-768x548.jpg 768w\" \/><\/p>\n<p>Para quem gosta dos cl\u00e1ssicos, os Real Estate ser\u00e3o certamente uma refer\u00eancia na atualidade. Uma banda onde, tudo bate certo, tudo est\u00e1 alinhado com os astros, e em que, as sonoridades vintage e cl\u00e1ssicas recebem uma injec\u00e7\u00e3o de psicadelismo. Ao vivo, essa injec\u00e7\u00e3o \u00e9 ainda mais not\u00f3ria, transformando os concertos em grandes momentos. Vai estar cheia a tenda.<\/p>\n<p><strong>20h20- Palco NOS Clubbing:\u00a0<a href=\"http:\/\/www.facebook.com\/throestheshine\/\">Throes + The Shine<\/a><\/strong><\/p>\n<p><img class=\"alignnone wp-image-2425\" src=\"https:\/\/www.ecletismomusical.pt\/wp-content\/uploads\/2018\/07\/36240651_1767587513311166_1191118864973299712_n.jpg\" alt=\"\" width=\"269\" height=\"166\" srcset=\"https:\/\/www.ecletismomusical.pt\/wp-content\/uploads\/2018\/07\/36240651_1767587513311166_1191118864973299712_n.jpg 960w, https:\/\/www.ecletismomusical.pt\/wp-content\/uploads\/2018\/07\/36240651_1767587513311166_1191118864973299712_n-300x185.jpg 300w, https:\/\/www.ecletismomusical.pt\/wp-content\/uploads\/2018\/07\/36240651_1767587513311166_1191118864973299712_n-768x473.jpg 768w\" \/><\/p>\n<p>Angola, Portugal, Kuduro, Festa, Suor, Alegria esta f\u00f3rmula vai conquistar muito estrangeiro no NOS Alive. A energia dos <strong>Throes + The Shine <\/strong>ao vivo, numa mistura de estilos a fazer lembrar os saudosos Buraka Som Sistema merecem uma paragem no caminho entre o Palco NOS <strong>(Franz Ferdinand)\u00a0 e o Palco Sagres (Clap Your Hands Say Yeah).<\/strong><\/p>\n<p><strong>21h05 &#8211; Palco NOS: <a href=\"http:\/\/www.facebook.com\/jackwhite\/\">Jack White<\/a><\/strong><\/p>\n<p><img class=\"alignnone wp-image-2426\" src=\"https:\/\/www.ecletismomusical.pt\/wp-content\/uploads\/2018\/07\/25289426_1781515851881640_7402693577580829377_n.jpg\" alt=\"\" width=\"268\" height=\"268\" srcset=\"https:\/\/www.ecletismomusical.pt\/wp-content\/uploads\/2018\/07\/25289426_1781515851881640_7402693577580829377_n.jpg 960w, https:\/\/www.ecletismomusical.pt\/wp-content\/uploads\/2018\/07\/25289426_1781515851881640_7402693577580829377_n-150x150.jpg 150w, https:\/\/www.ecletismomusical.pt\/wp-content\/uploads\/2018\/07\/25289426_1781515851881640_7402693577580829377_n-300x300.jpg 300w, https:\/\/www.ecletismomusical.pt\/wp-content\/uploads\/2018\/07\/25289426_1781515851881640_7402693577580829377_n-768x768.jpg 768w\" \/><\/p>\n<p>Sim, n\u00e3o s\u00e3o os White Stripes. Mas Jack White dispensa apresenta\u00e7\u00f5es, \u00e9 um virtuoso e n\u00e3o se espera nada menos do que um enorme concerto rock. Pois, &#8220;Seven Nation Army&#8221; n\u00e3o faltar\u00e1 certamente e ser\u00e1 hist\u00f3rico em v\u00e9speras de final do Mundial!<\/p>\n<p><strong>22h15 &#8211; Palco Sagres: <a href=\"http:\/\/www.facebook.com\/mallumagalhaes\/\">Mallu Magalh\u00e3es<\/a><\/strong><\/p>\n<p><img class=\"alignnone wp-image-2427\" src=\"https:\/\/www.ecletismomusical.pt\/wp-content\/uploads\/2018\/07\/27654900_10157080843517926_1448116661166833757_n.jpg\" alt=\"\" width=\"264\" height=\"264\" srcset=\"https:\/\/www.ecletismomusical.pt\/wp-content\/uploads\/2018\/07\/27654900_10157080843517926_1448116661166833757_n.jpg 960w, https:\/\/www.ecletismomusical.pt\/wp-content\/uploads\/2018\/07\/27654900_10157080843517926_1448116661166833757_n-150x150.jpg 150w, https:\/\/www.ecletismomusical.pt\/wp-content\/uploads\/2018\/07\/27654900_10157080843517926_1448116661166833757_n-300x300.jpg 300w, https:\/\/www.ecletismomusical.pt\/wp-content\/uploads\/2018\/07\/27654900_10157080843517926_1448116661166833757_n-768x768.jpg 768w\" \/><\/p>\n<p>Pausa no rock para repor energias. <strong>Mallu Magalh\u00e3es<\/strong> tem vindo a trilhar uma carreira de enorme sucesso e qualidade. Talento precoce, surgido na Internet, j\u00e1 anda por c\u00e1 h\u00e1 v\u00e1rios anos e vai certamente fazer do Palco Sagres uma festa de Ver\u00e3o.<\/p>\n<p><strong>23h15 &#8211; Palco NOS: <a href=\"http:\/\/www.facebook.com\/pg\/PearlJam\/\">Pearl Jam<\/a><\/strong><\/p>\n<p><img class=\"alignnone wp-image-2428\" src=\"https:\/\/www.ecletismomusical.pt\/wp-content\/uploads\/2018\/07\/36486270_10156438386902485_7340907675112177664_n.jpg\" alt=\"\" width=\"266\" height=\"177\" srcset=\"https:\/\/www.ecletismomusical.pt\/wp-content\/uploads\/2018\/07\/36486270_10156438386902485_7340907675112177664_n.jpg 960w, https:\/\/www.ecletismomusical.pt\/wp-content\/uploads\/2018\/07\/36486270_10156438386902485_7340907675112177664_n-300x200.jpg 300w, https:\/\/www.ecletismomusical.pt\/wp-content\/uploads\/2018\/07\/36486270_10156438386902485_7340907675112177664_n-768x511.jpg 768w\" \/><\/p>\n<p>Praticamente todos os palcos estar\u00e3o parados. Os 55 mil estar\u00e3o no Palco NOS a assistir, mais uma vez, ao &#8220;concerto de uma vida&#8221;. Eddie Vedder e Portugal t\u00eam uma rela\u00e7\u00e3o antiga de paix\u00e3o m\u00fatua. Nada a temer, que a voz o acompanhe!<\/p>\n<p><strong>01h15 &#8211; Palco Sagres: <a href=\"http:\/\/www.facebook.com\/ATDImusic\/\">At The Drive In<\/a><\/strong><\/p>\n<p><img class=\"alignnone wp-image-2430\" src=\"https:\/\/www.ecletismomusical.pt\/wp-content\/uploads\/2018\/07\/34047779_1540830589372405_303246939028193280_n.jpg\" alt=\"\" width=\"260\" height=\"185\" srcset=\"https:\/\/www.ecletismomusical.pt\/wp-content\/uploads\/2018\/07\/34047779_1540830589372405_303246939028193280_n.jpg 960w, https:\/\/www.ecletismomusical.pt\/wp-content\/uploads\/2018\/07\/34047779_1540830589372405_303246939028193280_n-300x214.jpg 300w, https:\/\/www.ecletismomusical.pt\/wp-content\/uploads\/2018\/07\/34047779_1540830589372405_303246939028193280_n-768x548.jpg 768w\" \/><\/p>\n<p>Os consagrados <strong>At The Drive In<\/strong>, banda de culto do\u00a0\u201cpost-hardcore\u201d, decidiram relan\u00e7ar, 17 anos depois, a sua carreira com um novo \u00e1lbum. Os concertos sempre foram el\u00e9ctricos, ca\u00f3ticos e memor\u00e1veis. Esperam-se moshs!<\/p>\n<p><strong>01h55 &#8211; Palco NOS: <a href=\"http:\/\/www.facebook.com\/mgmt\/\">MGMT<\/a><\/strong><\/p>\n<p><img class=\"alignnone wp-image-2429\" src=\"https:\/\/www.ecletismomusical.pt\/wp-content\/uploads\/2018\/07\/26229785_10157097366284768_5268554029575263139_n.png\" alt=\"\" width=\"259\" height=\"259\" srcset=\"https:\/\/www.ecletismomusical.pt\/wp-content\/uploads\/2018\/07\/26229785_10157097366284768_5268554029575263139_n.png 385w, https:\/\/www.ecletismomusical.pt\/wp-content\/uploads\/2018\/07\/26229785_10157097366284768_5268554029575263139_n-150x150.png 150w, https:\/\/www.ecletismomusical.pt\/wp-content\/uploads\/2018\/07\/26229785_10157097366284768_5268554029575263139_n-300x300.png 300w\" \/><\/p>\n<p>Time to Pretend, Kids, etc, etc. Percursores da nova onda de rock psicad\u00e9lico, s\u00e3o uma refer\u00eancia e certamente fechar\u00e3o a edi\u00e7\u00e3o 2018 do Alive com um grande concerto.<\/p>\n<p><strong>03h00 &#8211; Palco Sagres: <a href=\"http:\/\/www.facebook.com\/pg\/perfumegeniusofficial\/\">Perfume Genius<\/a><\/strong><\/p>\n<p><img class=\"alignnone wp-image-2431\" src=\"https:\/\/www.ecletismomusical.pt\/wp-content\/uploads\/2018\/07\/17426126_10155054948244804_2395087429170476383_n.jpg\" alt=\"\" width=\"254\" height=\"254\" srcset=\"https:\/\/www.ecletismomusical.pt\/wp-content\/uploads\/2018\/07\/17426126_10155054948244804_2395087429170476383_n.jpg 960w, https:\/\/www.ecletismomusical.pt\/wp-content\/uploads\/2018\/07\/17426126_10155054948244804_2395087429170476383_n-150x150.jpg 150w, https:\/\/www.ecletismomusical.pt\/wp-content\/uploads\/2018\/07\/17426126_10155054948244804_2395087429170476383_n-300x300.jpg 300w, https:\/\/www.ecletismomusical.pt\/wp-content\/uploads\/2018\/07\/17426126_10155054948244804_2395087429170476383_n-768x768.jpg 768w\" \/><\/p>\n<p><strong>Mike Handreas<\/strong> \u00e9 um multifacetado artista que deambula entre o Glam Rock e as baladas. Ao vivo, o Rock ganha uma roupagem mais not\u00f3ria e ser\u00e1 a forma de nos despedirmos da edi\u00e7\u00e3o 2018 do NOS Alive.<\/p>","protected":false},"excerpt":{"rendered":"<p>O dia 14, 3\u00ba dia do NOS Alive&#8217;18 \u00e9 o dia de Pearl Jam. Foi esta banda que fez esgotar em menos de uma semana os passes de 3 dias. Est\u00e1vamos em Dezembro de 2017! A seguir, uma sucess\u00e3o de confirma\u00e7\u00f5es, todas para o dia 14, fazendo deste dia, &#8220;o dia&#8221; da edi\u00e7\u00e3o 2018 do<\/p>","protected":false},"author":3,"featured_media":2410,"comment_status":"open","ping_status":"open","sticky":false,"template":"","format":"standard","meta":[],"categories":[1,24],"tags":[91,297],"_links":{"self":[{"href":"https:\/\/www.ecletismomusical.pt\/en\/wp-json\/wp\/v2\/posts\/2421"}],"collection":[{"href":"https:\/\/www.ecletismomusical.pt\/en\/wp-json\/wp\/v2\/posts"}],"about":[{"href":"https:\/\/www.ecletismomusical.pt\/en\/wp-json\/wp\/v2\/types\/post"}],"author":[{"embeddable":true,"href":"https:\/\/www.ecletismomusical.pt\/en\/wp-json\/wp\/v2\/users\/3"}],"replies":[{"embeddable":true,"href":"https:\/\/www.ecletismomusical.pt\/en\/wp-json\/wp\/v2\/comments?post=2421"}],"version-history":[{"count":3,"href":"https:\/\/www.ecletismomusical.pt\/en\/wp-json\/wp\/v2\/posts\/2421\/revisions"}],"predecessor-version":[{"id":2434,"href":"https:\/\/www.ecletismomusical.pt\/en\/wp-json\/wp\/v2\/posts\/2421\/revisions\/2434"}],"wp:featuredmedia":[{"embeddable":true,"href":"https:\/\/www.ecletismomusical.pt\/en\/wp-json\/wp\/v2\/media\/2410"}],"wp:attachment":[{"href":"https:\/\/www.ecletismomusical.pt\/en\/wp-json\/wp\/v2\/media?parent=2421"}],"wp:term":[{"taxonomy":"category","embeddable":true,"href":"https:\/\/www.ecletismomusical.pt\/en\/wp-json\/wp\/v2\/categories?post=2421"},{"taxonomy":"post_tag","embeddable":true,"href":"https:\/\/www.ecletismomusical.pt\/en\/wp-json\/wp\/v2\/tags?post=2421"}],"curies":[{"name":"wp","href":"https:\/\/api.w.org\/{rel}","templated":true}]}}