{"id":2445,"date":"2018-07-16T15:20:20","date_gmt":"2018-07-16T14:20:20","guid":{"rendered":"https:\/\/www.ecletismomusical.pt\/?p=2445"},"modified":"2018-07-16T13:29:23","modified_gmt":"2018-07-16T12:29:23","slug":"live-album-the-national-boxer-live-in-brussels","status":"publish","type":"post","link":"https:\/\/www.ecletismomusical.pt\/en\/live-album-the-national-boxer-live-in-brussels\/","title":{"rendered":"[Live Album] The National &#8211; Boxer (Live in Brussels)"},"content":{"rendered":"<p><iframe src=\"https:\/\/open.spotify.com\/embed?uri=spotify%3Aalbum%3A44QWVzSZGGPFyJkTsfjzWA\" width=\"300\" height=\"380\" frameborder=\"0\"><\/iframe><\/p>\n<p>Dez anos depois do lan\u00e7amento de <strong>\u00abBoxer\u00bb<\/strong>, os National decidiram lan\u00e7ar um disco ao vivo. O concerto foi gravado em Bruxelas e conta com a interpreta\u00e7\u00e3o ao vivo de todo o \u00e1lbum, que conta com temas como &#8220;Fake Empire&#8221;; &#8220;Mistaken for Strangers&#8221;; &#8220;Squalor Victoria&#8221;; &#8220;Slow Show&#8221;; &#8220;Apartment Story&#8221; ou &#8220;Racing Like a Pro&#8221;.<\/p>","protected":false},"excerpt":{"rendered":"<p>Dez anos depois do lan\u00e7amento de \u00abBoxer\u00bb, os National decidiram lan\u00e7ar um disco ao vivo. O concerto foi gravado em Bruxelas e conta com a interpreta\u00e7\u00e3o ao vivo de todo o \u00e1lbum, que conta com temas como &#8220;Fake Empire&#8221;; &#8220;Mistaken for Strangers&#8221;; &#8220;Squalor Victoria&#8221;; &#8220;Slow Show&#8221;; &#8220;Apartment Story&#8221; ou &#8220;Racing Like a Pro&#8221;.<\/p>","protected":false},"author":3,"featured_media":2446,"comment_status":"open","ping_status":"open","sticky":false,"template":"","format":"audio","meta":[],"categories":[1,27],"tags":[301,300,240,135],"_links":{"self":[{"href":"https:\/\/www.ecletismomusical.pt\/en\/wp-json\/wp\/v2\/posts\/2445"}],"collection":[{"href":"https:\/\/www.ecletismomusical.pt\/en\/wp-json\/wp\/v2\/posts"}],"about":[{"href":"https:\/\/www.ecletismomusical.pt\/en\/wp-json\/wp\/v2\/types\/post"}],"author":[{"embeddable":true,"href":"https:\/\/www.ecletismomusical.pt\/en\/wp-json\/wp\/v2\/users\/3"}],"replies":[{"embeddable":true,"href":"https:\/\/www.ecletismomusical.pt\/en\/wp-json\/wp\/v2\/comments?post=2445"}],"version-history":[{"count":1,"href":"https:\/\/www.ecletismomusical.pt\/en\/wp-json\/wp\/v2\/posts\/2445\/revisions"}],"predecessor-version":[{"id":2447,"href":"https:\/\/www.ecletismomusical.pt\/en\/wp-json\/wp\/v2\/posts\/2445\/revisions\/2447"}],"wp:featuredmedia":[{"embeddable":true,"href":"https:\/\/www.ecletismomusical.pt\/en\/wp-json\/wp\/v2\/media\/2446"}],"wp:attachment":[{"href":"https:\/\/www.ecletismomusical.pt\/en\/wp-json\/wp\/v2\/media?parent=2445"}],"wp:term":[{"taxonomy":"category","embeddable":true,"href":"https:\/\/www.ecletismomusical.pt\/en\/wp-json\/wp\/v2\/categories?post=2445"},{"taxonomy":"post_tag","embeddable":true,"href":"https:\/\/www.ecletismomusical.pt\/en\/wp-json\/wp\/v2\/tags?post=2445"}],"curies":[{"name":"wp","href":"https:\/\/api.w.org\/{rel}","templated":true}]}}